{"id":3765,"date":"2024-04-22T15:23:37","date_gmt":"2024-04-22T13:23:37","guid":{"rendered":"https:\/\/geodi.unint.eu\/?p=3765"},"modified":"2024-04-22T15:24:11","modified_gmt":"2024-04-22T13:24:11","slug":"lalleanza-del-campo-sunnita-moderato-difende-israele-di-fronte-allescalation-della-repubblica-islamica-diran","status":"publish","type":"post","link":"https:\/\/geodi.unint.eu\/?p=3765","title":{"rendered":"L&#8217;alleanza del campo sunnita moderato difende Israele di fronte all\u2019escalation della Repubblica islamica d\u2019Iran"},"content":{"rendered":"\t\t<div data-elementor-type=\"wp-post\" data-elementor-id=\"3765\" class=\"elementor elementor-3765\" data-elementor-post-type=\"post\">\n\t\t\t\t\t\t\t<div class=\"elementor-element elementor-element-1c178a39 e-flex e-con-boxed e-con e-parent\" data-id=\"1c178a39\" data-element_type=\"container\" data-settings=\"{&quot;content_width&quot;:&quot;boxed&quot;}\" data-core-v316-plus=\"true\">\n\t\t\t\t\t<div class=\"e-con-inner\">\n\t\t\t\t<div class=\"elementor-element elementor-element-713e2a02 elementor-widget elementor-widget-spacer\" data-id=\"713e2a02\" data-element_type=\"widget\" data-widget_type=\"spacer.default\">\n\t\t\t\t<div class=\"elementor-widget-container\">\n\t\t\t<style>\/*! elementor - v3.18.0 - 20-12-2023 *\/\n.elementor-column .elementor-spacer-inner{height:var(--spacer-size)}.e-con{--container-widget-width:100%}.e-con-inner>.elementor-widget-spacer,.e-con>.elementor-widget-spacer{width:var(--container-widget-width,var(--spacer-size));--align-self:var(--container-widget-align-self,initial);--flex-shrink:0}.e-con-inner>.elementor-widget-spacer>.elementor-widget-container,.e-con>.elementor-widget-spacer>.elementor-widget-container{height:100%;width:100%}.e-con-inner>.elementor-widget-spacer>.elementor-widget-container>.elementor-spacer,.e-con>.elementor-widget-spacer>.elementor-widget-container>.elementor-spacer{height:100%}.e-con-inner>.elementor-widget-spacer>.elementor-widget-container>.elementor-spacer>.elementor-spacer-inner,.e-con>.elementor-widget-spacer>.elementor-widget-container>.elementor-spacer>.elementor-spacer-inner{height:var(--container-widget-height,var(--spacer-size))}.e-con-inner>.elementor-widget-spacer.elementor-widget-empty,.e-con>.elementor-widget-spacer.elementor-widget-empty{position:relative;min-height:22px;min-width:22px}.e-con-inner>.elementor-widget-spacer.elementor-widget-empty .elementor-widget-empty-icon,.e-con>.elementor-widget-spacer.elementor-widget-empty .elementor-widget-empty-icon{position:absolute;top:0;bottom:0;left:0;right:0;margin:auto;padding:0;width:22px;height:22px}<\/style>\t\t<div class=\"elementor-spacer\">\n\t\t\t<div class=\"elementor-spacer-inner\"><\/div>\n\t\t<\/div>\n\t\t\t\t<\/div>\n\t\t\t\t<\/div>\n\t\t\t\t\t<\/div>\n\t\t\t\t<\/div>\n\t\t<div class=\"elementor-element elementor-element-4ec5d783 e-con-full e-flex e-con e-parent\" data-id=\"4ec5d783\" data-element_type=\"container\" data-settings=\"{&quot;content_width&quot;:&quot;full&quot;,&quot;background_background&quot;:&quot;classic&quot;}\" data-core-v316-plus=\"true\">\n\t\t<div class=\"elementor-element elementor-element-21342919 e-con-full e-flex e-con e-child\" data-id=\"21342919\" data-element_type=\"container\" data-settings=\"{&quot;content_width&quot;:&quot;full&quot;}\">\n\t\t\t\t<div class=\"elementor-element elementor-element-50c67c63 elementor-widget__width-initial elementor-widget elementor-widget-heading\" data-id=\"50c67c63\" data-element_type=\"widget\" data-widget_type=\"heading.default\">\n\t\t\t\t<div class=\"elementor-widget-container\">\n\t\t\t<style>\/*! elementor - v3.18.0 - 20-12-2023 *\/\n.elementor-heading-title{padding:0;margin:0;line-height:1}.elementor-widget-heading .elementor-heading-title[class*=elementor-size-]>a{color:inherit;font-size:inherit;line-height:inherit}.elementor-widget-heading .elementor-heading-title.elementor-size-small{font-size:15px}.elementor-widget-heading .elementor-heading-title.elementor-size-medium{font-size:19px}.elementor-widget-heading .elementor-heading-title.elementor-size-large{font-size:29px}.elementor-widget-heading .elementor-heading-title.elementor-size-xl{font-size:39px}.elementor-widget-heading .elementor-heading-title.elementor-size-xxl{font-size:59px}<\/style><h2 class=\"elementor-heading-title elementor-size-default\">L'alleanza del campo sunnita moderato difende Israele di fronte all\u2019escalation della Repubblica islamica d\u2019Iran\n<\/h2>\t\t<\/div>\n\t\t\t\t<\/div>\n\t\t\t\t<div class=\"elementor-element elementor-element-69449d9a elementor-widget elementor-widget-post-info\" data-id=\"69449d9a\" data-element_type=\"widget\" data-widget_type=\"post-info.default\">\n\t\t\t\t<div class=\"elementor-widget-container\">\n\t\t\t<link rel=\"stylesheet\" href=\"https:\/\/geodi.unint.eu\/wp-content\/plugins\/elementor\/assets\/css\/widget-icon-list.min.css\"><link rel=\"stylesheet\" href=\"https:\/\/geodi.unint.eu\/wp-content\/plugins\/elementor-pro\/assets\/css\/widget-theme-elements.min.css\">\t\t<ul class=\"elementor-inline-items elementor-icon-list-items elementor-post-info\">\n\t\t\t\t\t\t\t\t<li class=\"elementor-icon-list-item elementor-repeater-item-8f04ea3 elementor-inline-item\" itemprop=\"datePublished\">\n\t\t\t\t\t\t\t\t\t\t\t\t\t<span class=\"elementor-icon-list-text elementor-post-info__item elementor-post-info__item--type-date\">\n\t\t\t\t\t\t\t\t\t\t22 Aprile 2024\t\t\t\t\t<\/span>\n\t\t\t\t\t\t\t\t<\/li>\n\t\t\t\t<\/ul>\n\t\t\t\t<\/div>\n\t\t\t\t<\/div>\n\t\t\t\t<\/div>\n\t\t<div class=\"elementor-element elementor-element-4e8a6622 e-con-full e-flex e-con e-child\" data-id=\"4e8a6622\" data-element_type=\"container\" data-settings=\"{&quot;content_width&quot;:&quot;full&quot;}\">\n\t\t\t\t<div class=\"elementor-element elementor-element-1937b7d elementor-widget elementor-widget-theme-post-featured-image elementor-widget-image\" data-id=\"1937b7d\" data-element_type=\"widget\" data-widget_type=\"theme-post-featured-image.default\">\n\t\t\t\t<div class=\"elementor-widget-container\">\n\t\t\t<style>\/*! elementor - v3.18.0 - 20-12-2023 *\/\n.elementor-widget-image{text-align:center}.elementor-widget-image a{display:inline-block}.elementor-widget-image a img[src$=\".svg\"]{width:48px}.elementor-widget-image img{vertical-align:middle;display:inline-block}<\/style>\t\t\t\t\t\t\t\t\t\t\t\t<img fetchpriority=\"high\" decoding=\"async\" width=\"650\" height=\"440\" src=\"https:\/\/geodi.unint.eu\/wp-content\/uploads\/2024\/04\/Immagine-2024-04-22-152252.png\" class=\"attachment-large size-large wp-image-3766\" alt=\"\" srcset=\"https:\/\/geodi.unint.eu\/wp-content\/uploads\/2024\/04\/Immagine-2024-04-22-152252.png 650w, https:\/\/geodi.unint.eu\/wp-content\/uploads\/2024\/04\/Immagine-2024-04-22-152252-300x203.png 300w\" sizes=\"(max-width: 650px) 100vw, 650px\" \/>\t\t\t\t\t\t\t\t\t\t\t\t\t\t\t<\/div>\n\t\t\t\t<\/div>\n\t\t\t\t<div class=\"elementor-element elementor-element-1ad4c362 elementor-widget elementor-widget-theme-post-excerpt\" data-id=\"1ad4c362\" data-element_type=\"widget\" data-widget_type=\"theme-post-excerpt.default\">\n\t\t\t\t<div class=\"elementor-widget-container\">\n\t\t\tA guardare in un colpo d\u2019occhio le risposte divergenti tra le principali nazioni sunnite all\u2019attacco su Israele da parte dell\u2019Iran, il principale Paese sciita della regione, si intuisce una complessa trama di interessi geopolitici e di-visioni ideologiche, che ora contribuiscono a definire lo spazio politico del Medio Oriente e, in futuro, potrebbero avere un ruolo - chiave nelle dinamiche internazionali.\n\t\t<\/div>\n\t\t\t\t<\/div>\n\t\t\t\t<div class=\"elementor-element elementor-element-1ae6c6db elementor-widget elementor-widget-text-editor\" data-id=\"1ae6c6db\" data-element_type=\"widget\" data-widget_type=\"text-editor.default\">\n\t\t\t\t<div class=\"elementor-widget-container\">\n\t\t\t<style>\/*! elementor - v3.18.0 - 20-12-2023 *\/\n.elementor-widget-text-editor.elementor-drop-cap-view-stacked .elementor-drop-cap{background-color:#69727d;color:#fff}.elementor-widget-text-editor.elementor-drop-cap-view-framed .elementor-drop-cap{color:#69727d;border:3px solid;background-color:transparent}.elementor-widget-text-editor:not(.elementor-drop-cap-view-default) .elementor-drop-cap{margin-top:8px}.elementor-widget-text-editor:not(.elementor-drop-cap-view-default) .elementor-drop-cap-letter{width:1em;height:1em}.elementor-widget-text-editor .elementor-drop-cap{float:left;text-align:center;line-height:1;font-size:50px}.elementor-widget-text-editor .elementor-drop-cap-letter{display:inline-block}<\/style>\t\t\t\t<p><span style=\"font-weight: 400;\">Le immagini dell\u2019intercettazione di centinaia tra missili e droni iraniani nel cielo giordano, la notte tra sabato 13 e domenica 14, hanno rilanciato le accuse nella Piazza araba di connivenza degli Stati della regione con Israele e il suo alleato americano. Brucia la percezione, diffusa tra l\u2019opinione pubblica, di un mobilitazione ritenuta troppo tiepida dei leader arabi a favore dei palestinesi.<\/span><\/p><p>\u00a0<\/p><p><span style=\"font-weight: 400;\">Sebbene le potenze del Golfo continuino a dichiarare la propria neutralit\u00e0 nel timore di un\u2019escalation regionale, sono state comunque prese di mira se non altro per il fatto di ospitare basi USA utilizzate per la sorveglianza. A differenza della Giordania, che invece ha intrapreso un\u2019azione diretta per la difesa di\u00a0 Israele. Un alleato insolito per il solo fatto di ospitare nel suo territorio 6 milioni di palestinesi, che di fronte\u00a0 ad \u201cun rischio reale di lancio di missili iraniani\u201d sul regno hashemita ha dispiegato la propria contraerea. Cos\u00ec si \u00e8 giustificato il capo della diplomazia giordana, Ayman Safadi, in un&#8217;intervista alla televisione di Stato Al-Mamlaka. Una spiegazione che non ha convinto una popolazione che da ottobre partecipa in massa a grandi manifestazioni di solidariet\u00e0 in favore dei palestinesi di Gaza, in alcuni casi soffocate con la forza.<\/span><\/p><p>\u00a0<\/p><p><span style=\"font-weight: 400;\">L&#8217;idea che attorno alla coalizione militare guidata da Washington, Londra e Parigi, si sia formato un blocco inedito in difesa dello Stato ebraico con l&#8217;appoggio dei partner arabi rivali di Teheran, \u00e8 abbondantemente sostenuta dai funzionari israeliani, i quali, tuttavia assicurano che la risposta di Tel Aviv \u201cnon metter\u00e0 in pericolo i suoi alleati\u201d. Lo riferisce l\u2019emittente pubblica Kan. Il riferimento \u00e8 agli Stati di Egitto e Giordania, legati ad Israele da un trattato di pace, rispettivamente, del 1979 e 1994,\u00a0 nonch\u00e9 alle petro-monarchie del Golfo. Domenica 14 aprile 2024, il ministro della Difesa Yoav Gallant aveva sottolineato l&#8217;opportunit\u00e0 di stringere \u201cun&#8217;alleanza strategica\u201d evidentemente figlia dell\u2019asse anti-Iran che ha sostenuto la normalizzazione delle relazioni politiche ed economiche tra Israele e quattro Paesi della regione &#8211; Emirati Arabi Uniti (EAU),\u00a0 Marocco, Bahrein e Sudan &#8211; nell&#8217;ambito degli Accordi di Abramo del 2020.<\/span><\/p><p>\u00a0<\/p><p><span style=\"font-weight: 400;\">Promossi da Washington sotto la presidenza di Donald Trump e la regia del Kingdom of Saudi Arabia (KSA), gli Accordi si inseriscono negli sforzi statunitensi per forgiare un&#8217;alleanza regionale tra Israele e le potenze arabe dell\u2019area. Non senza suscitare reazioni, anche severe, da parte della Turchia, delle organizzazioni palestinesi e della Fratellanza musulmana di cui Hamas\u00a0 rappresenta una storica ramificazione nella Striscia di Gaza. Un&#8217;altra componente degli Accordi di Abramo \u00e8 stata l&#8217;integrazione dello Stato ebraico nel comando centrale dell&#8217;esercito americano (CENTCOM) in Medio Oriente, a cui partecipano anche i regni di Amman e Riyadh. Prima dell&#8217;attacco iraniano, il comandante del CENTCOM, il generale Michael Erik Kurilla, si era recato a Tel Aviv per coordinare a monte la strategia militare difensiva. E non \u00e8 certo un caso che fin dall\u2019amministrazione Obama, per volont\u00e0 di Benny Gantz, gi\u00e0 capo di Stato maggiore delle Forze di Difesa Israeliane, (in ebraico Tzahal, note come IDF)\u00a0 sia stato istituito un protocollo top secret di cui farebbero parte KSA, Qatar, EAU, Giordania, Egitto, Bahrein, Marocco. Si tratta del MEAD, ovvero la Middle East Air Defence, il cui obiettivo \u00e8 quello di rafforzare lo scambio di intelligence tra i Paesi membri nonch\u00e9 le loro capacit\u00e0 militari.<\/span><\/p><p>\u00a0<\/p><p><span style=\"font-weight: 400;\">L\u2019attacco pesantissimo dal territorio persiano a quello ebriaco, lo scorso fine settimana, ha un triplice effetto. In primo luogo, si tratta di una risposta diretta di Teheran ai missili lanciati da Israele, che il 1 aprile hanno distrutto il consolato iraniano a Damasco, causando la morte di diverse persone, tra cui il generale dei pasdaran Mohammed Reza Zahedi. Questo ha\u00a0 cambiato i termini del confronto di lunga data tra Israele e l\u2019Iran che, come parte della sua strategia di deterrenza, dalla rivoluzione islamica del 1979, ha coltivato e finanziato una \u201cguerra ombra\u201d con il sostegno alla rete dell\u2019&#8221;Asse della resistenza&#8221; &#8211; in Libano, Siria, Iraq, Yemen e Palestina. In secondo luogo, ha posto \u201cvirtualmente\u201d fine all\u2019isolamento internazionale dello Stato ebraico causato dal dissenso del presidente Biden per la disastrosa guerra condotta a Gaza dal suo premier, Benjamin Netanyahu. Infine, ha ribadito gli intenti di un\u2019alleanza informale anti-Iran nel mondo sunnita, che fornendo lo scudo politico-militare a Israele intende ridisegnare gli assetti geopolitici del Medio Oriente, sulla base di interessi difensivi ed economici .<\/span><\/p><p>\u00a0<\/p><p><span style=\"font-weight: 400;\">Nell\u2019attuale stagione dell\u2019ordine internazionale, una \u201cnuova catastrofe palestinese\u201d \u00e8 diventata l\u2019&#8217;epicentro del recente conflitto al centro del Mondo islamico, sviluppatosi attorno alla mobilitazione dell&#8217;Islam politico, incarnato da Hamas.\u00a0<\/span><\/p><p>\u00a0<\/p><p><span style=\"font-weight: 400;\">Da una parte, il blocco dei sostenitori della Fratellanza palestinese, che si fonda sull\u2019\u201cAsse della resistenza\u201d guidato, appunto, dall&#8217;Iran: Hezbollah libanese, milizie sciite e irachene, i ribelli Houthi yemeniti. L\u2019Asse, a prevalenza sciita, ha molti punti di collegamento con un altro fronte, quello sunnita dell\u2019\u201dalternativa islamica\u201d. Qui si collocano parzialmente il Qatar e, soprattutto, la Turchia, il solo Paese musulmano della regione ad aver negato l\u2019uso dello spazio aereo alle forze armate occidentali accorse in aiuto di Israele. Sebbene Ankara e Tel Aviv abbiano normalizzato le relazioni nel 2022, i rapporti si sono drasticamente deteriorati dall\u2019attacco di Hamas, il 7 ottobre 2023, e dalle operazioni militari di Israele a Gaza. Il presidente turco Erdo\u011fan, convinto della legittimit\u00e0 di Hamas nello spazio pubblico palestinese &#8211; un risultato naturale della sua affinit\u00e0 ideologica per i Fratelli Musulmani &#8211; ha preso una posizione molto dura contro lo Stato ebraico. Tanto che i due Paesi hanno richiamato i loro ambasciatori, anche se le relazioni commerciali continuano.\u00a0<\/span><\/p><p><span style=\"font-weight: 400;\">Dall\u2019altra, nel campo dei suoi oppositori, l\u2019 Islam politico \u00e8 avversato da un fronte moderato \u201callargato\u201d e ispirato alla linea occidentale Dove ad emergere \u00e8 stata la scelta di campo del re giordano Abdullah, che riconoscendo \u201cpriorit\u00e0 alla sicurezza nazionale\u201d davanti all\u2019attacco iraniano ha preferito compiere passi concreti per non ostacolare la difesa di Israele. Finendo per isolare, questa volta s\u00ec, la Repubblica islamica.<\/span><\/p><p>\u00a0<\/p><p><span style=\"font-weight: 400;\">Dopo il sisma iniziale, ogni conflitto genera alleanze. Oltre alle dichiarazioni di condanna per il massacro di civili a Gaza, il blocco sunnita moderato sembra guardare al futuro di Gaza con una prospettiva diversa: proteggere i propri interessi economici e politici. Pertanto, sostenere le operazioni americane e negoziare con Israele, se necessario, e riprendere la via degli accordi di Abramo per capitalizzare la risposta di una pace e rivendicare lo status di leadership regionale. <\/span><\/p>\t\t\t\t\t\t<\/div>\n\t\t\t\t<\/div>\n\t\t\t\t<\/div>\n\t\t<div class=\"elementor-element elementor-element-54876844 e-con-full e-flex e-con e-child\" data-id=\"54876844\" data-element_type=\"container\" data-settings=\"{&quot;content_width&quot;:&quot;full&quot;}\">\n\t\t\t\t<\/div>\n\t\t\t\t<\/div>\n\t\t<div class=\"elementor-element elementor-element-51568917 e-flex e-con-boxed e-con e-parent\" data-id=\"51568917\" data-element_type=\"container\" data-settings=\"{&quot;content_width&quot;:&quot;boxed&quot;}\" data-core-v316-plus=\"true\">\n\t\t\t\t\t<div class=\"e-con-inner\">\n\t\t\t\t<div class=\"elementor-element elementor-element-2431d7bc elementor-widget elementor-widget-spacer\" data-id=\"2431d7bc\" data-element_type=\"widget\" data-widget_type=\"spacer.default\">\n\t\t\t\t<div class=\"elementor-widget-container\">\n\t\t\t\t\t<div class=\"elementor-spacer\">\n\t\t\t<div class=\"elementor-spacer-inner\"><\/div>\n\t\t<\/div>\n\t\t\t\t<\/div>\n\t\t\t\t<\/div>\n\t\t\t\t\t<\/div>\n\t\t\t\t<\/div>\n\t\t<div class=\"elementor-element elementor-element-727c694 e-con-full e-flex e-con e-parent\" data-id=\"727c694\" data-element_type=\"container\" data-settings=\"{&quot;content_width&quot;:&quot;full&quot;,&quot;background_background&quot;:&quot;classic&quot;}\" data-core-v316-plus=\"true\">\n\t\t<div class=\"elementor-element elementor-element-3bd5ac83 e-con-full e-flex e-con e-child\" data-id=\"3bd5ac83\" data-element_type=\"container\" data-settings=\"{&quot;content_width&quot;:&quot;full&quot;}\">\n\t\t\t\t<div class=\"elementor-element elementor-element-3dd64792 elementor-widget elementor-widget-image\" data-id=\"3dd64792\" data-element_type=\"widget\" data-widget_type=\"image.default\">\n\t\t\t\t<div class=\"elementor-widget-container\">\n\t\t\t\t\t\t\t\t\t\t\t\t\t\t\t<img decoding=\"async\" width=\"800\" height=\"228\" src=\"https:\/\/geodi.unint.eu\/wp-content\/uploads\/2023\/11\/cropped-Logo-GEODI_blue-1024x292.png\" class=\"attachment-large size-large wp-image-239\" alt=\"\" srcset=\"https:\/\/geodi.unint.eu\/wp-content\/uploads\/2023\/11\/cropped-Logo-GEODI_blue-1024x292.png 1024w, https:\/\/geodi.unint.eu\/wp-content\/uploads\/2023\/11\/cropped-Logo-GEODI_blue-300x86.png 300w, https:\/\/geodi.unint.eu\/wp-content\/uploads\/2023\/11\/cropped-Logo-GEODI_blue-768x219.png 768w, https:\/\/geodi.unint.eu\/wp-content\/uploads\/2023\/11\/cropped-Logo-GEODI_blue-1536x438.png 1536w, https:\/\/geodi.unint.eu\/wp-content\/uploads\/2023\/11\/cropped-Logo-GEODI_blue.png 1752w\" sizes=\"(max-width: 800px) 100vw, 800px\" \/>\t\t\t\t\t\t\t\t\t\t\t\t\t\t\t<\/div>\n\t\t\t\t<\/div>\n\t\t\t\t<\/div>\n\t\t<div class=\"elementor-element elementor-element-1a9b73cc e-con-full e-flex e-con e-child\" data-id=\"1a9b73cc\" data-element_type=\"container\" data-settings=\"{&quot;content_width&quot;:&quot;full&quot;}\">\n\t\t\t\t<div class=\"elementor-element elementor-element-7ed42967 elementor-widget elementor-widget-image\" data-id=\"7ed42967\" data-element_type=\"widget\" data-widget_type=\"image.default\">\n\t\t\t\t<div class=\"elementor-widget-container\">\n\t\t\t\t\t\t\t\t\t\t\t\t\t\t\t<img decoding=\"async\" width=\"800\" height=\"402\" src=\"https:\/\/geodi.unint.eu\/wp-content\/uploads\/2023\/11\/Logo-UNINT-1024x515.png\" class=\"attachment-large size-large wp-image-237\" alt=\"\" srcset=\"https:\/\/geodi.unint.eu\/wp-content\/uploads\/2023\/11\/Logo-UNINT-1024x515.png 1024w, https:\/\/geodi.unint.eu\/wp-content\/uploads\/2023\/11\/Logo-UNINT-300x151.png 300w, https:\/\/geodi.unint.eu\/wp-content\/uploads\/2023\/11\/Logo-UNINT-768x386.png 768w, https:\/\/geodi.unint.eu\/wp-content\/uploads\/2023\/11\/Logo-UNINT-1536x772.png 1536w, https:\/\/geodi.unint.eu\/wp-content\/uploads\/2023\/11\/Logo-UNINT-2048x1029.png 2048w\" sizes=\"(max-width: 800px) 100vw, 800px\" \/>\t\t\t\t\t\t\t\t\t\t\t\t\t\t\t<\/div>\n\t\t\t\t<\/div>\n\t\t\t\t<\/div>\n\t\t<div class=\"elementor-element elementor-element-5520219d e-con-full e-flex e-con e-child\" data-id=\"5520219d\" data-element_type=\"container\" data-settings=\"{&quot;content_width&quot;:&quot;full&quot;}\">\n\t\t\t\t<div class=\"elementor-element elementor-element-48dc3fe2 elementor-widget elementor-widget-image\" data-id=\"48dc3fe2\" data-element_type=\"widget\" data-widget_type=\"image.default\">\n\t\t\t\t<div class=\"elementor-widget-container\">\n\t\t\t\t\t\t\t\t\t\t\t\t\t\t\t<img loading=\"lazy\" decoding=\"async\" width=\"800\" height=\"92\" src=\"https:\/\/geodi.unint.eu\/wp-content\/uploads\/2023\/11\/LINTERNAZIONALE_Logo_ok-1024x118.png\" class=\"attachment-large size-large wp-image-238\" alt=\"\" srcset=\"https:\/\/geodi.unint.eu\/wp-content\/uploads\/2023\/11\/LINTERNAZIONALE_Logo_ok-1024x118.png 1024w, https:\/\/geodi.unint.eu\/wp-content\/uploads\/2023\/11\/LINTERNAZIONALE_Logo_ok-300x35.png 300w, https:\/\/geodi.unint.eu\/wp-content\/uploads\/2023\/11\/LINTERNAZIONALE_Logo_ok-768x88.png 768w, https:\/\/geodi.unint.eu\/wp-content\/uploads\/2023\/11\/LINTERNAZIONALE_Logo_ok-1536x177.png 1536w, https:\/\/geodi.unint.eu\/wp-content\/uploads\/2023\/11\/LINTERNAZIONALE_Logo_ok-2048x236.png 2048w\" sizes=\"(max-width: 800px) 100vw, 800px\" \/>\t\t\t\t\t\t\t\t\t\t\t\t\t\t\t<\/div>\n\t\t\t\t<\/div>\n\t\t\t\t<\/div>\n\t\t<div class=\"elementor-element elementor-element-18d7a248 e-con-full e-flex e-con e-child\" data-id=\"18d7a248\" data-element_type=\"container\" data-settings=\"{&quot;content_width&quot;:&quot;full&quot;}\">\n\t\t\t\t<div class=\"elementor-element elementor-element-731c4e29 elementor-widget elementor-widget-heading\" data-id=\"731c4e29\" data-element_type=\"widget\" data-widget_type=\"heading.default\">\n\t\t\t\t<div class=\"elementor-widget-container\">\n\t\t\t<h2 class=\"elementor-heading-title elementor-size-default\">Coordinamento a cura di Ciro Sbail\u00f2<br><br>Universit\u00e0 degli Studi Internazionali di Roma - UNINT\n<\/h2>\t\t<\/div>\n\t\t\t\t<\/div>\n\t\t\t\t<div class=\"elementor-element elementor-element-34486325 elementor-widget elementor-widget-heading\" data-id=\"34486325\" data-element_type=\"widget\" data-widget_type=\"heading.default\">\n\t\t\t\t<div class=\"elementor-widget-container\">\n\t\t\t<h2 class=\"elementor-heading-title elementor-size-default\">Via Cristoforo Colombo, 200 - 00147 Roma | C.F. 97136680580 | P.I. 05639791002 | Codice SDI: M5UXCR1 | Mail: geodi@unint.eu\n<\/h2>\t\t<\/div>\n\t\t\t\t<\/div>\n\t\t\t\t<\/div>\n\t\t\t\t<\/div>\n\t\t<div class=\"elementor-element elementor-element-0b59979 e-flex e-con-boxed e-con e-parent\" data-id=\"0b59979\" data-element_type=\"container\" data-settings=\"{&quot;content_width&quot;:&quot;boxed&quot;}\" data-core-v316-plus=\"true\">\n\t\t\t\t\t<div class=\"e-con-inner\">\n\t\t\t\t\t<\/div>\n\t\t\t\t<\/div>\n\t\t\t\t\t\t\t<\/div>\n\t\t","protected":false},"excerpt":{"rendered":"<p>A guardare in un colpo d\u2019occhio le risposte divergenti tra le principali nazioni sunnite all\u2019attacco su Israele da parte dell\u2019Iran, il principale Paese sciita della regione, si intuisce una complessa trama di interessi geopolitici e di-visioni ideologiche, che ora contribuiscono a definire lo spazio politico del Medio Oriente e, in futuro, potrebbero avere un ruolo &#8211; chiave nelle dinamiche internazionali.<\/p>\n","protected":false},"author":3,"featured_media":3766,"comment_status":"closed","ping_status":"","sticky":false,"template":"","format":"standard","meta":{"footnotes":""},"categories":[1],"tags":[126,33,32,140,139],"class_list":["post-3765","post","type-post","status-publish","format-standard","has-post-thumbnail","hentry","category-senza-categoria","tag-iran","tag-israele","tag-medio-oriente","tag-sciiti","tag-sunniti"],"_links":{"self":[{"href":"https:\/\/geodi.unint.eu\/index.php?rest_route=\/wp\/v2\/posts\/3765","targetHints":{"allow":["GET"]}}],"collection":[{"href":"https:\/\/geodi.unint.eu\/index.php?rest_route=\/wp\/v2\/posts"}],"about":[{"href":"https:\/\/geodi.unint.eu\/index.php?rest_route=\/wp\/v2\/types\/post"}],"author":[{"embeddable":true,"href":"https:\/\/geodi.unint.eu\/index.php?rest_route=\/wp\/v2\/users\/3"}],"replies":[{"embeddable":true,"href":"https:\/\/geodi.unint.eu\/index.php?rest_route=%2Fwp%2Fv2%2Fcomments&post=3765"}],"version-history":[{"count":4,"href":"https:\/\/geodi.unint.eu\/index.php?rest_route=\/wp\/v2\/posts\/3765\/revisions"}],"predecessor-version":[{"id":3770,"href":"https:\/\/geodi.unint.eu\/index.php?rest_route=\/wp\/v2\/posts\/3765\/revisions\/3770"}],"wp:featuredmedia":[{"embeddable":true,"href":"https:\/\/geodi.unint.eu\/index.php?rest_route=\/wp\/v2\/media\/3766"}],"wp:attachment":[{"href":"https:\/\/geodi.unint.eu\/index.php?rest_route=%2Fwp%2Fv2%2Fmedia&parent=3765"}],"wp:term":[{"taxonomy":"category","embeddable":true,"href":"https:\/\/geodi.unint.eu\/index.php?rest_route=%2Fwp%2Fv2%2Fcategories&post=3765"},{"taxonomy":"post_tag","embeddable":true,"href":"https:\/\/geodi.unint.eu\/index.php?rest_route=%2Fwp%2Fv2%2Ftags&post=3765"}],"curies":[{"name":"wp","href":"https:\/\/api.w.org\/{rel}","templated":true}]}}