{"id":4370,"date":"2024-07-20T18:33:19","date_gmt":"2024-07-20T16:33:19","guid":{"rendered":"https:\/\/geodi.unint.eu\/?p=4370"},"modified":"2024-07-20T18:40:28","modified_gmt":"2024-07-20T16:40:28","slug":"giordania-il-difficile-equilibrio-tra-stabilita-regionale-e-caos-interno","status":"publish","type":"post","link":"https:\/\/geodi.unint.eu\/?p=4370","title":{"rendered":"Giordania: il difficile equilibrio tra stabilit\u00e0 regionale e caos interno"},"content":{"rendered":"\t\t<div data-elementor-type=\"wp-post\" data-elementor-id=\"4370\" class=\"elementor elementor-4370\" data-elementor-post-type=\"post\">\n\t\t\t\t\t\t\t<div class=\"elementor-element elementor-element-4bad4a23 e-flex e-con-boxed e-con e-parent\" data-id=\"4bad4a23\" data-element_type=\"container\" data-settings=\"{&quot;content_width&quot;:&quot;boxed&quot;}\" data-core-v316-plus=\"true\">\n\t\t\t\t\t<div class=\"e-con-inner\">\n\t\t\t\t<div class=\"elementor-element elementor-element-485920a7 elementor-widget elementor-widget-spacer\" data-id=\"485920a7\" data-element_type=\"widget\" data-widget_type=\"spacer.default\">\n\t\t\t\t<div class=\"elementor-widget-container\">\n\t\t\t<style>\/*! elementor - v3.18.0 - 20-12-2023 *\/\n.elementor-column .elementor-spacer-inner{height:var(--spacer-size)}.e-con{--container-widget-width:100%}.e-con-inner>.elementor-widget-spacer,.e-con>.elementor-widget-spacer{width:var(--container-widget-width,var(--spacer-size));--align-self:var(--container-widget-align-self,initial);--flex-shrink:0}.e-con-inner>.elementor-widget-spacer>.elementor-widget-container,.e-con>.elementor-widget-spacer>.elementor-widget-container{height:100%;width:100%}.e-con-inner>.elementor-widget-spacer>.elementor-widget-container>.elementor-spacer,.e-con>.elementor-widget-spacer>.elementor-widget-container>.elementor-spacer{height:100%}.e-con-inner>.elementor-widget-spacer>.elementor-widget-container>.elementor-spacer>.elementor-spacer-inner,.e-con>.elementor-widget-spacer>.elementor-widget-container>.elementor-spacer>.elementor-spacer-inner{height:var(--container-widget-height,var(--spacer-size))}.e-con-inner>.elementor-widget-spacer.elementor-widget-empty,.e-con>.elementor-widget-spacer.elementor-widget-empty{position:relative;min-height:22px;min-width:22px}.e-con-inner>.elementor-widget-spacer.elementor-widget-empty .elementor-widget-empty-icon,.e-con>.elementor-widget-spacer.elementor-widget-empty .elementor-widget-empty-icon{position:absolute;top:0;bottom:0;left:0;right:0;margin:auto;padding:0;width:22px;height:22px}<\/style>\t\t<div class=\"elementor-spacer\">\n\t\t\t<div class=\"elementor-spacer-inner\"><\/div>\n\t\t<\/div>\n\t\t\t\t<\/div>\n\t\t\t\t<\/div>\n\t\t\t\t\t<\/div>\n\t\t\t\t<\/div>\n\t\t<div class=\"elementor-element elementor-element-60d08396 e-con-full e-flex e-con e-parent\" data-id=\"60d08396\" data-element_type=\"container\" data-settings=\"{&quot;content_width&quot;:&quot;full&quot;,&quot;background_background&quot;:&quot;classic&quot;}\" data-core-v316-plus=\"true\">\n\t\t<div class=\"elementor-element elementor-element-663c68a9 e-con-full e-flex e-con e-child\" data-id=\"663c68a9\" data-element_type=\"container\" data-settings=\"{&quot;content_width&quot;:&quot;full&quot;}\">\n\t\t\t\t<div class=\"elementor-element elementor-element-72e8448 elementor-widget__width-initial elementor-widget elementor-widget-heading\" data-id=\"72e8448\" data-element_type=\"widget\" data-widget_type=\"heading.default\">\n\t\t\t\t<div class=\"elementor-widget-container\">\n\t\t\t<style>\/*! elementor - v3.18.0 - 20-12-2023 *\/\n.elementor-heading-title{padding:0;margin:0;line-height:1}.elementor-widget-heading .elementor-heading-title[class*=elementor-size-]>a{color:inherit;font-size:inherit;line-height:inherit}.elementor-widget-heading .elementor-heading-title.elementor-size-small{font-size:15px}.elementor-widget-heading .elementor-heading-title.elementor-size-medium{font-size:19px}.elementor-widget-heading .elementor-heading-title.elementor-size-large{font-size:29px}.elementor-widget-heading .elementor-heading-title.elementor-size-xl{font-size:39px}.elementor-widget-heading .elementor-heading-title.elementor-size-xxl{font-size:59px}<\/style><h2 class=\"elementor-heading-title elementor-size-default\">Giordania: il difficile equilibrio tra stabilit\u00e0 regionale e caos interno<\/h2>\t\t<\/div>\n\t\t\t\t<\/div>\n\t\t\t\t<div class=\"elementor-element elementor-element-3a1f6aa9 elementor-widget elementor-widget-post-info\" data-id=\"3a1f6aa9\" data-element_type=\"widget\" data-widget_type=\"post-info.default\">\n\t\t\t\t<div class=\"elementor-widget-container\">\n\t\t\t<link rel=\"stylesheet\" href=\"https:\/\/geodi.unint.eu\/wp-content\/plugins\/elementor\/assets\/css\/widget-icon-list.min.css\"><link rel=\"stylesheet\" href=\"https:\/\/geodi.unint.eu\/wp-content\/plugins\/elementor-pro\/assets\/css\/widget-theme-elements.min.css\">\t\t<ul class=\"elementor-inline-items elementor-icon-list-items elementor-post-info\">\n\t\t\t\t\t\t\t\t<li class=\"elementor-icon-list-item elementor-repeater-item-8f04ea3 elementor-inline-item\" itemprop=\"datePublished\">\n\t\t\t\t\t\t\t\t\t\t\t\t\t<span class=\"elementor-icon-list-text elementor-post-info__item elementor-post-info__item--type-date\">\n\t\t\t\t\t\t\t\t\t\t20 Luglio 2024\t\t\t\t\t<\/span>\n\t\t\t\t\t\t\t\t<\/li>\n\t\t\t\t<\/ul>\n\t\t\t\t<\/div>\n\t\t\t\t<\/div>\n\t\t\t\t<\/div>\n\t\t<div class=\"elementor-element elementor-element-64052b87 e-con-full e-flex e-con e-child\" data-id=\"64052b87\" data-element_type=\"container\" data-settings=\"{&quot;content_width&quot;:&quot;full&quot;}\">\n\t\t\t\t<div class=\"elementor-element elementor-element-1f61f8b6 elementor-widget elementor-widget-theme-post-featured-image elementor-widget-image\" data-id=\"1f61f8b6\" data-element_type=\"widget\" data-widget_type=\"theme-post-featured-image.default\">\n\t\t\t\t<div class=\"elementor-widget-container\">\n\t\t\t<style>\/*! elementor - v3.18.0 - 20-12-2023 *\/\n.elementor-widget-image{text-align:center}.elementor-widget-image a{display:inline-block}.elementor-widget-image a img[src$=\".svg\"]{width:48px}.elementor-widget-image img{vertical-align:middle;display:inline-block}<\/style>\t\t\t\t\t\t\t\t\t\t\t\t<img fetchpriority=\"high\" decoding=\"async\" width=\"512\" height=\"327\" src=\"https:\/\/geodi.unint.eu\/wp-content\/uploads\/2024\/07\/unnamed.jpg\" class=\"attachment-large size-large wp-image-4371\" alt=\"\" srcset=\"https:\/\/geodi.unint.eu\/wp-content\/uploads\/2024\/07\/unnamed.jpg 512w, https:\/\/geodi.unint.eu\/wp-content\/uploads\/2024\/07\/unnamed-300x192.jpg 300w\" sizes=\"(max-width: 512px) 100vw, 512px\" \/>\t\t\t\t\t\t\t\t\t\t\t\t\t\t\t<\/div>\n\t\t\t\t<\/div>\n\t\t\t\t<div class=\"elementor-element elementor-element-326ae35f elementor-widget elementor-widget-theme-post-excerpt\" data-id=\"326ae35f\" data-element_type=\"widget\" data-widget_type=\"theme-post-excerpt.default\">\n\t\t\t\t<div class=\"elementor-widget-container\">\n\t\t\tLo scorso 5 luglio una folla di manifestanti ha marciato per il centro di Amman, sventolando cartelli e bandiere a sostegno della Palestina.\nJason Burke, inviato del The Guardian riporta che centinaia di manifestanti hanno attraversato Rainbow street, un tempo meta preferita dei turisti, all\u2019urlo di \u201cBruceremo Israele! Vogliamo la testa di Netanyahu!\u201d. \nDall\u2019attacco in Israele del 7 ottobre, e dalla successiva invasione di Gaza, la Giordania sta attraversando una delle sue sfide pi\u00f9 difficili. \t\t<\/div>\n\t\t\t\t<\/div>\n\t\t\t\t<div class=\"elementor-element elementor-element-70f3fca8 elementor-widget elementor-widget-text-editor\" data-id=\"70f3fca8\" data-element_type=\"widget\" data-widget_type=\"text-editor.default\">\n\t\t\t\t<div class=\"elementor-widget-container\">\n\t\t\t<style>\/*! elementor - v3.18.0 - 20-12-2023 *\/\n.elementor-widget-text-editor.elementor-drop-cap-view-stacked .elementor-drop-cap{background-color:#69727d;color:#fff}.elementor-widget-text-editor.elementor-drop-cap-view-framed .elementor-drop-cap{color:#69727d;border:3px solid;background-color:transparent}.elementor-widget-text-editor:not(.elementor-drop-cap-view-default) .elementor-drop-cap{margin-top:8px}.elementor-widget-text-editor:not(.elementor-drop-cap-view-default) .elementor-drop-cap-letter{width:1em;height:1em}.elementor-widget-text-editor .elementor-drop-cap{float:left;text-align:center;line-height:1;font-size:50px}.elementor-widget-text-editor .elementor-drop-cap-letter{display:inline-block}<\/style>\t\t\t\t<p>Lo scorso 5 luglio una folla di manifestanti ha marciato per il centro di Amman, sventolando cartelli e bandiere a sostegno della Palestina.<br \/>Jason Burke, inviato del The Guardian riporta che centinaia di manifestanti hanno attraversato Rainbow street, un tempo meta preferita dei turisti, all\u2019urlo di \u201cBruceremo Israele! Vogliamo la testa di Netanyahu!\u201d. <br \/>Dall\u2019attacco in Israele del 7 ottobre, e dalla successiva invasione di Gaza, la Giordania sta attraversando una delle sue sfide pi\u00f9 difficili. <br \/>La guerra a Gaza ha segnato l\u2019inizio di una serie di proteste e manifestazioni, spinte dall\u2019indignazione per le vittime palestinesi, che stanno mettendo a dura prova gli equilibri del Paese. <br \/>La Giordania, infatti, deve barcamenarsi tra una popolazione fortemente legata ai palestinesi, un contesto politico-economico complesso e un ruolo strategico primario, condiviso con l\u2019Egitto, nella gestione della crisi regionale.<\/p><p>\u00a0<\/p><p><strong>Popolazione ed equilibrio interno<\/strong><\/p><p>La Giordania ha una popolazione di circa 11 milioni di abitanti prevalentemente araba e, secondo i dati UNRWA 2023, ospita oltre 2 milioni di palestinesi registrati come rifugiati, ma questo dato non \u00e8 del tutto esatto in quanto la presenza di diversi campi profughi rende difficile una stima precisa. La diaspora palestinese in Giordania \u00e8 iniziata con la guerra israelo-palestinese del 1948 ed \u00e8 proseguita con la \u201cguerra dei giorni\u201d, del 1967, e l\u2019occupazione dei territori della Cisgiordania da parte di Israele.<br \/>La componente palestinese ha quindi una forte influenza sull\u2019equilibrio interno.<br \/>In questi mesi, la monarchia costituzionale, guidata dal Re Abdullah II, ha criticato la risposta israeliana agli attacchi di Hamas e ha insistito sulla necessit\u00e0 di porre fine alla guerra e alle pressioni su Gaza. Ayman Safadi, ministro degli esteri giordano, e la regina consorte Rania al-Yasin \u2013 quest\u2019ultima di origini palestinesi \u2013 hanno pubblicamente denunciato la campagna militare di Israele. In linea con queste posizioni, la Giordania ha anche sostenuto l\u2019invio di aiuti umanitari a Gaza.<br \/>Tuttavia, per la popolazione non \u00e8 abbastanza. <br \/>La linea seguita dal Governo per la politica estera sta favorendo il diffondersi di un generale sentimento di insoddisfazione.<br \/>Il legame con gli Stati Uniti e la decisione di non interrompere le relazioni diplomatiche con Israele hanno, infatti, alimentato le tensioni. La Giordania \u00e8, del resto, mossa dal fine di mantenere la pace a tutti i costi, non senza contraddizioni. Sul piano estero mantiene un atteggiamento aperto e di dialogo con i vicini, sul piano interno il Governo ha spesso dispiegato le forze dell\u2019ordine per reprimere i dissensi, oltre ad aver proibito le proteste nelle zone di confine. <br \/>Secondo Human Right Watch sarebbero infatti centinaia le persone arrestate dall\u2019inizio della guerra. Le autorit\u00e0 hanno inoltre utilizzato a loro vantaggio una legge approvata dal Parlamento nell\u2019agosto del 2023 che prevede condanne per la pubblicazione sui social media di contenuti considerati contro la morale e intenti ad alimentare conflitti nella societ\u00e0. <br \/>La legge \u00e8 stata particolarmente criticata dagli esperti in quanto mina la libert\u00e0 di espressione e introduce una nuova autorit\u00e0 con il compito di controllare i social media.<br \/>Il pugno di forza \u00e8 spinto dal tentativo delle istituzioni giordane di controllare il dissenso ed evitare di esserne risucchiate.<br \/>Uno dei principali punti di rottura tra il Governo e la popolazione \u00e8 avvenuto ad aprile, quando la Giordania ha collaborato all&#8217;abbattimento di 170 droni, 120 missili balistici, e circa 30 missili da crociera, lanciati dall&#8217;Iran contro Israele. L\u2019intervento ha suscitato numerose critiche. Il Governo ha risposto alle polemiche specificando che l\u2019intervento \u00e8 avvenuto esclusivamente per preservare il proprio spazio aereo e non per difendere Israele. Tuttavia, sui social media hanno iniziato a circolare fotomontaggi raffiguranti il Re Abdullah II con la divisa dell&#8217;esercito israeliano allargando la distanza emotiva tra il Re e la popolazione giordana.<\/p><p>\u00a0<\/p><p><strong>Gli alti e bassi con Israele<\/strong><\/p><p>Il mantenimento delle relazioni con Israele in ogni caso non \u00e8 sinonimo di distensione e buoni rapporti.<br \/>Dalla firma del trattato di pace israelo-palestinese, conosciuto come Trattato Wadi Araba, avvenuta nel 1994, il rapporto tra i due Paesi \u00e8 stato altalenante. Con l\u2019accordo, la Giordania riconosceva Israele e si normalizzavano le relazioni tra Tel Aviv e Amman.<br \/>In realt\u00e0, l\u2019incompatibilit\u00e0 tra i due Paesi \u00e8 emersa da l\u00ec a poco e si \u00e8 acutizzata dopo l\u2019insediamento di Benjamin Netanyahu. Tra le principali cause c\u2019erano proprio le scelte del premier Netanyahu che, dal 2009 in avanti, avrebbero portato a un graduale logoramento, fino ad arrivare alla crisi diplomatica del 2019.<br \/>Con l\u2019insediamento, nel 2021, del governo Bennett-Lapid c\u2019\u00e8 stata un\u2019inversione di rotta tanto da favorire la firma di una dichiarazione di intenti per un nuovo accordo energetico, confermato l\u2019anno successivo con la firma di un Memorandum d\u2019intesa. L\u2019accordo impegnava Israele a fornire alla Giordania circa 200 milioni di metri cubi d\u2019acqua in cambio di 600 megawatt di capacit\u00e0 produttiva solare. Tuttavia il fallimento del Governo Bennet-Lapid, e lo scioglimento della Knesset avvenuta nel 2022, ha portato al potere nuovamente Benjamin Netanyahu che si \u00e8 aggiudicato le elezioni dello stesso anno, facendo precipitare nuovamente i rapporti tra i due Paesi.<\/p><p>\u00a0<\/p><p><strong>La dipendenza dagli Stati Uniti<\/strong><\/p><p>Per quanto riguarda il rapporto con gli Stati Uniti, nonostante la questione palestinese abbia chiaramente dominato, negli ultimi mesi, i colloqui tra il re Abdallah II e Biden, non ha incrinato la relazione tra i due. <br \/>Il rapporto con Washington \u00e8 infatti per Amman strategicamente fondamentale. <br \/>La Giordania \u00e8 un Paese piccolo e dipendente dal sostegno economico-militare che riceve dagli Stati Uniti. <br \/>Secondo il report \u201cJordan: Background and U.S. Relations\u201d pubblicato a inizio luglio dal Congressional Research Center (CRS), l\u2019assistenza statunitense alla Giordania rappresenta oltre il 40% del totale degli aiuti annuali ricevuti dal Regno hashemita. Gli aiuti annuali inviati alla Giordania negli ultimi 15 anni sono triplicati e il memorandum d&#8217;intesa, firmato nel 2022, tra quest\u2019ultima e gli Stati Uniti, impegna l&#8217;amministrazione statunitense all\u2019invio di 1,45 miliardi di dollari in aiuti economici e militari annuali alla Giordania per il periodo 2023-2029. Il legame con gli Stati Uniti \u00e8 un altro tassello che lega la Giordania a Israele obbligando la prima a mantenere un approccio duro verso gli attacchi contro Gaza ma senza porsi in modo apertamente ostile nei confronti del suo vicino.<\/p><p>\u00a0<\/p><p><strong>Ruolo nella crisi israelo-palestinese<\/strong><\/p><p>La Giordania affianca dunque l\u2019Egitto nel suo ruolo di arbitro e mediatore.<br \/>I due Paesi sono infatti gli attori regionali pi\u00f9 stabili e dai quali probabilmente dipende il futuro del Medio Oriente. Dall\u2019inizio della crisi il Paese ha preso parte attivamente al dialogo tra le forze coinvolte per raggiungere un accordo e porre fine alla guerra.<br \/>L\u2019intercettazione della Giordania dei missili si inserisce proprio in questo contesto. L\u2019obiettivo sarebbe infatti quello di partecipare in prima linea, con la spinta di Francia, Inghilterra e Stati Uniti, alla costruzione di un\u2019alleanza filo-occidentale in Medio Oriente e in chiave anti-iraniana. L\u2019Iran rappresenta un&#8217;altra preoccupazione del re in quanto sta sfruttando l&#8217;instabilit\u00e0 della regione per aumentare l&#8217;influenza sciita nei Paesi vicini. Sono infatti diverse le milizie sciite, in Iraq e Siria, stanziate ai confini orientali con l\u2019obiettivo di estendere la propria presenza nella regione<br \/>Il re Abdullah II ha ripetutamente sottolineato la necessit\u00e0 di porre fine alla guerra e di investire nella stabilit\u00e0 regionale. Egli teme che il peggioramento della situazione a Gaza possa degenerare in un&#8217;escalation regionale.<\/p><p>\u00a0<\/p><p><strong>Crisi economica e calo del turismo: un equilibrio instabile?<\/strong><\/p><p>La crisi sta inoltre scatenando difficolt\u00e0 economiche non indifferenti in Giordania. La crescente inflazione si accompagna, per esempio, a una forte crisi del settore turistico, particolarmente importante per il Paese.<br \/>Secondo i dati emessi dalla Banca Centrale della Giordania (CBJ) il volume di guadagni legati al turismo, nei primi cinque mesi del 2024, ha registrato un calo del -6.5% rispetto allo stesso periodo del 2023. Si stima infatti che dall\u2019inizio del conflitto siano state cancellate oltre il 60% delle prenotazioni. <br \/>Il Consiglio esecutivo del Fondo monetario internazionale (Fmi) ha approvato, a inizio anno, un nuovo accordo quadriennale con la Giordania, dal valore di circa 1,2 miliardi di dollari, per sostenere il programma economico del Governo. L\u2019obiettivo \u00e8 quello di sostenere gli sforzi del Paese nel mantenere la stabilit\u00e0 macroeconomica. <br \/>Tuttavia le sfide a cui deve fare fronte diventano sempre pi\u00f9 complesse.<br \/>Nonostante il forte interesse del re Abdullah II nel mantenere la stabilit\u00e0 regionale, queste preoccupazioni potrebbero non coincidere sempre con le esigenze interne del Paese. Il rischio \u00e8 quello di trovarsi su un battello in cui, mentre si cerca di tappare una falla, se ne sviluppano altre, compromettendo la stabilit\u00e0 complessiva.<\/p><p>\u00a0<\/p><p>&#8211; Giusy Monforte, Analista politica<\/p>\t\t\t\t\t\t<\/div>\n\t\t\t\t<\/div>\n\t\t\t\t<\/div>\n\t\t<div class=\"elementor-element elementor-element-265a907d e-con-full e-flex e-con e-child\" data-id=\"265a907d\" data-element_type=\"container\" data-settings=\"{&quot;content_width&quot;:&quot;full&quot;}\">\n\t\t\t\t<\/div>\n\t\t\t\t<\/div>\n\t\t<div class=\"elementor-element elementor-element-655a256d e-flex e-con-boxed e-con e-parent\" data-id=\"655a256d\" data-element_type=\"container\" data-settings=\"{&quot;content_width&quot;:&quot;boxed&quot;}\" data-core-v316-plus=\"true\">\n\t\t\t\t\t<div class=\"e-con-inner\">\n\t\t\t\t<div class=\"elementor-element elementor-element-4b902e71 elementor-widget elementor-widget-spacer\" data-id=\"4b902e71\" data-element_type=\"widget\" data-widget_type=\"spacer.default\">\n\t\t\t\t<div class=\"elementor-widget-container\">\n\t\t\t\t\t<div class=\"elementor-spacer\">\n\t\t\t<div class=\"elementor-spacer-inner\"><\/div>\n\t\t<\/div>\n\t\t\t\t<\/div>\n\t\t\t\t<\/div>\n\t\t\t\t\t<\/div>\n\t\t\t\t<\/div>\n\t\t<div class=\"elementor-element elementor-element-77488851 e-con-full e-flex e-con e-parent\" data-id=\"77488851\" data-element_type=\"container\" data-settings=\"{&quot;content_width&quot;:&quot;full&quot;,&quot;background_background&quot;:&quot;classic&quot;}\" data-core-v316-plus=\"true\">\n\t\t<div class=\"elementor-element elementor-element-79d8577c e-con-full e-flex e-con e-child\" data-id=\"79d8577c\" data-element_type=\"container\" data-settings=\"{&quot;content_width&quot;:&quot;full&quot;}\">\n\t\t\t\t<div class=\"elementor-element elementor-element-60b00123 elementor-widget elementor-widget-image\" data-id=\"60b00123\" data-element_type=\"widget\" data-widget_type=\"image.default\">\n\t\t\t\t<div class=\"elementor-widget-container\">\n\t\t\t\t\t\t\t\t\t\t\t\t\t\t\t<img decoding=\"async\" width=\"800\" height=\"228\" src=\"https:\/\/geodi.unint.eu\/wp-content\/uploads\/2023\/11\/cropped-Logo-GEODI_blue-1024x292.png\" class=\"attachment-large size-large wp-image-239\" alt=\"\" srcset=\"https:\/\/geodi.unint.eu\/wp-content\/uploads\/2023\/11\/cropped-Logo-GEODI_blue-1024x292.png 1024w, https:\/\/geodi.unint.eu\/wp-content\/uploads\/2023\/11\/cropped-Logo-GEODI_blue-300x86.png 300w, https:\/\/geodi.unint.eu\/wp-content\/uploads\/2023\/11\/cropped-Logo-GEODI_blue-768x219.png 768w, https:\/\/geodi.unint.eu\/wp-content\/uploads\/2023\/11\/cropped-Logo-GEODI_blue-1536x438.png 1536w, https:\/\/geodi.unint.eu\/wp-content\/uploads\/2023\/11\/cropped-Logo-GEODI_blue.png 1752w\" sizes=\"(max-width: 800px) 100vw, 800px\" \/>\t\t\t\t\t\t\t\t\t\t\t\t\t\t\t<\/div>\n\t\t\t\t<\/div>\n\t\t\t\t<\/div>\n\t\t<div class=\"elementor-element elementor-element-3f151130 e-con-full e-flex e-con e-child\" data-id=\"3f151130\" data-element_type=\"container\" data-settings=\"{&quot;content_width&quot;:&quot;full&quot;}\">\n\t\t\t\t<div class=\"elementor-element elementor-element-7b7bf159 elementor-widget elementor-widget-image\" data-id=\"7b7bf159\" data-element_type=\"widget\" data-widget_type=\"image.default\">\n\t\t\t\t<div class=\"elementor-widget-container\">\n\t\t\t\t\t\t\t\t\t\t\t\t\t\t\t<img decoding=\"async\" width=\"800\" height=\"402\" src=\"https:\/\/geodi.unint.eu\/wp-content\/uploads\/2023\/11\/Logo-UNINT-1024x515.png\" class=\"attachment-large size-large wp-image-237\" alt=\"\" srcset=\"https:\/\/geodi.unint.eu\/wp-content\/uploads\/2023\/11\/Logo-UNINT-1024x515.png 1024w, https:\/\/geodi.unint.eu\/wp-content\/uploads\/2023\/11\/Logo-UNINT-300x151.png 300w, https:\/\/geodi.unint.eu\/wp-content\/uploads\/2023\/11\/Logo-UNINT-768x386.png 768w, https:\/\/geodi.unint.eu\/wp-content\/uploads\/2023\/11\/Logo-UNINT-1536x772.png 1536w, https:\/\/geodi.unint.eu\/wp-content\/uploads\/2023\/11\/Logo-UNINT-2048x1029.png 2048w\" sizes=\"(max-width: 800px) 100vw, 800px\" \/>\t\t\t\t\t\t\t\t\t\t\t\t\t\t\t<\/div>\n\t\t\t\t<\/div>\n\t\t\t\t<\/div>\n\t\t<div class=\"elementor-element elementor-element-33d2202e e-con-full e-flex e-con e-child\" data-id=\"33d2202e\" data-element_type=\"container\" data-settings=\"{&quot;content_width&quot;:&quot;full&quot;}\">\n\t\t\t\t<div class=\"elementor-element elementor-element-28ee90d4 elementor-widget elementor-widget-image\" data-id=\"28ee90d4\" data-element_type=\"widget\" data-widget_type=\"image.default\">\n\t\t\t\t<div class=\"elementor-widget-container\">\n\t\t\t\t\t\t\t\t\t\t\t\t\t\t\t<img loading=\"lazy\" decoding=\"async\" width=\"800\" height=\"92\" src=\"https:\/\/geodi.unint.eu\/wp-content\/uploads\/2023\/11\/LINTERNAZIONALE_Logo_ok-1024x118.png\" class=\"attachment-large size-large wp-image-238\" alt=\"\" srcset=\"https:\/\/geodi.unint.eu\/wp-content\/uploads\/2023\/11\/LINTERNAZIONALE_Logo_ok-1024x118.png 1024w, https:\/\/geodi.unint.eu\/wp-content\/uploads\/2023\/11\/LINTERNAZIONALE_Logo_ok-300x35.png 300w, https:\/\/geodi.unint.eu\/wp-content\/uploads\/2023\/11\/LINTERNAZIONALE_Logo_ok-768x88.png 768w, https:\/\/geodi.unint.eu\/wp-content\/uploads\/2023\/11\/LINTERNAZIONALE_Logo_ok-1536x177.png 1536w, https:\/\/geodi.unint.eu\/wp-content\/uploads\/2023\/11\/LINTERNAZIONALE_Logo_ok-2048x236.png 2048w\" sizes=\"(max-width: 800px) 100vw, 800px\" \/>\t\t\t\t\t\t\t\t\t\t\t\t\t\t\t<\/div>\n\t\t\t\t<\/div>\n\t\t\t\t<\/div>\n\t\t<div class=\"elementor-element elementor-element-3c152c54 e-con-full e-flex e-con e-child\" data-id=\"3c152c54\" data-element_type=\"container\" data-settings=\"{&quot;content_width&quot;:&quot;full&quot;}\">\n\t\t\t\t<div class=\"elementor-element elementor-element-70897ff9 elementor-widget elementor-widget-heading\" data-id=\"70897ff9\" data-element_type=\"widget\" data-widget_type=\"heading.default\">\n\t\t\t\t<div class=\"elementor-widget-container\">\n\t\t\t<h2 class=\"elementor-heading-title elementor-size-default\">Coordinamento a cura di Ciro Sbail\u00f2<br><br>Universit\u00e0 degli Studi Internazionali di Roma - UNINT\n<\/h2>\t\t<\/div>\n\t\t\t\t<\/div>\n\t\t\t\t<div class=\"elementor-element elementor-element-47b78a07 elementor-widget elementor-widget-heading\" data-id=\"47b78a07\" data-element_type=\"widget\" data-widget_type=\"heading.default\">\n\t\t\t\t<div class=\"elementor-widget-container\">\n\t\t\t<h2 class=\"elementor-heading-title elementor-size-default\">Via Cristoforo Colombo, 200 - 00147 Roma | C.F. 97136680580 | P.I. 05639791002 | Codice SDI: M5UXCR1 | Mail: geodi@unint.eu\n<\/h2>\t\t<\/div>\n\t\t\t\t<\/div>\n\t\t\t\t<\/div>\n\t\t\t\t<\/div>\n\t\t\t\t\t\t\t<\/div>\n\t\t","protected":false},"excerpt":{"rendered":"<p>Lo scorso 5 luglio una folla di manifestanti ha marciato per il centro di Amman, sventolando cartelli e bandiere a sostegno della Palestina.<br \/>\nJason Burke, inviato del The Guardian riporta che centinaia di manifestanti hanno attraversato Rainbow street, un tempo meta preferita dei turisti, all\u2019urlo di \u201cBruceremo Israele! Vogliamo la testa di Netanyahu!\u201d.<br \/>\nDall\u2019attacco in Israele del 7 ottobre, e dalla successiva invasione di Gaza, la Giordania sta attraversando una delle sue sfide pi\u00f9 difficili. <\/p>\n","protected":false},"author":3,"featured_media":4371,"comment_status":"closed","ping_status":"","sticky":false,"template":"","format":"standard","meta":{"footnotes":""},"categories":[17],"tags":[24,33,32],"class_list":["post-4370","post","type-post","status-publish","format-standard","has-post-thumbnail","hentry","category-geopolitica-h24","tag-interesse-nazionale","tag-israele","tag-medio-oriente"],"_links":{"self":[{"href":"https:\/\/geodi.unint.eu\/index.php?rest_route=\/wp\/v2\/posts\/4370","targetHints":{"allow":["GET"]}}],"collection":[{"href":"https:\/\/geodi.unint.eu\/index.php?rest_route=\/wp\/v2\/posts"}],"about":[{"href":"https:\/\/geodi.unint.eu\/index.php?rest_route=\/wp\/v2\/types\/post"}],"author":[{"embeddable":true,"href":"https:\/\/geodi.unint.eu\/index.php?rest_route=\/wp\/v2\/users\/3"}],"replies":[{"embeddable":true,"href":"https:\/\/geodi.unint.eu\/index.php?rest_route=%2Fwp%2Fv2%2Fcomments&post=4370"}],"version-history":[{"count":10,"href":"https:\/\/geodi.unint.eu\/index.php?rest_route=\/wp\/v2\/posts\/4370\/revisions"}],"predecessor-version":[{"id":4381,"href":"https:\/\/geodi.unint.eu\/index.php?rest_route=\/wp\/v2\/posts\/4370\/revisions\/4381"}],"wp:featuredmedia":[{"embeddable":true,"href":"https:\/\/geodi.unint.eu\/index.php?rest_route=\/wp\/v2\/media\/4371"}],"wp:attachment":[{"href":"https:\/\/geodi.unint.eu\/index.php?rest_route=%2Fwp%2Fv2%2Fmedia&parent=4370"}],"wp:term":[{"taxonomy":"category","embeddable":true,"href":"https:\/\/geodi.unint.eu\/index.php?rest_route=%2Fwp%2Fv2%2Fcategories&post=4370"},{"taxonomy":"post_tag","embeddable":true,"href":"https:\/\/geodi.unint.eu\/index.php?rest_route=%2Fwp%2Fv2%2Ftags&post=4370"}],"curies":[{"name":"wp","href":"https:\/\/api.w.org\/{rel}","templated":true}]}}