{"id":4422,"date":"2024-08-02T15:25:16","date_gmt":"2024-08-02T13:25:16","guid":{"rendered":"https:\/\/geodi.unint.eu\/?p=4422"},"modified":"2024-08-02T15:26:24","modified_gmt":"2024-08-02T13:26:24","slug":"cosa-sono-le-alture-del-golan-e-chi-sono-i-drusi-le-vittime-di-un-attacco-mortale-contro-israele","status":"publish","type":"post","link":"https:\/\/geodi.unint.eu\/?p=4422","title":{"rendered":"Cosa sono le alture del Golan e chi sono i drusi, le vittime di un attacco mortale contro Israele?"},"content":{"rendered":"\t\t<div data-elementor-type=\"wp-post\" data-elementor-id=\"4422\" class=\"elementor elementor-4422\" data-elementor-post-type=\"post\">\n\t\t\t\t\t\t\t<div class=\"elementor-element elementor-element-6a579ae5 e-flex e-con-boxed e-con e-parent\" data-id=\"6a579ae5\" data-element_type=\"container\" data-settings=\"{&quot;content_width&quot;:&quot;boxed&quot;}\" data-core-v316-plus=\"true\">\n\t\t\t\t\t<div class=\"e-con-inner\">\n\t\t\t\t<div class=\"elementor-element elementor-element-4c31cf2a elementor-widget elementor-widget-spacer\" data-id=\"4c31cf2a\" data-element_type=\"widget\" data-widget_type=\"spacer.default\">\n\t\t\t\t<div class=\"elementor-widget-container\">\n\t\t\t<style>\/*! elementor - v3.18.0 - 20-12-2023 *\/\n.elementor-column .elementor-spacer-inner{height:var(--spacer-size)}.e-con{--container-widget-width:100%}.e-con-inner>.elementor-widget-spacer,.e-con>.elementor-widget-spacer{width:var(--container-widget-width,var(--spacer-size));--align-self:var(--container-widget-align-self,initial);--flex-shrink:0}.e-con-inner>.elementor-widget-spacer>.elementor-widget-container,.e-con>.elementor-widget-spacer>.elementor-widget-container{height:100%;width:100%}.e-con-inner>.elementor-widget-spacer>.elementor-widget-container>.elementor-spacer,.e-con>.elementor-widget-spacer>.elementor-widget-container>.elementor-spacer{height:100%}.e-con-inner>.elementor-widget-spacer>.elementor-widget-container>.elementor-spacer>.elementor-spacer-inner,.e-con>.elementor-widget-spacer>.elementor-widget-container>.elementor-spacer>.elementor-spacer-inner{height:var(--container-widget-height,var(--spacer-size))}.e-con-inner>.elementor-widget-spacer.elementor-widget-empty,.e-con>.elementor-widget-spacer.elementor-widget-empty{position:relative;min-height:22px;min-width:22px}.e-con-inner>.elementor-widget-spacer.elementor-widget-empty .elementor-widget-empty-icon,.e-con>.elementor-widget-spacer.elementor-widget-empty .elementor-widget-empty-icon{position:absolute;top:0;bottom:0;left:0;right:0;margin:auto;padding:0;width:22px;height:22px}<\/style>\t\t<div class=\"elementor-spacer\">\n\t\t\t<div class=\"elementor-spacer-inner\"><\/div>\n\t\t<\/div>\n\t\t\t\t<\/div>\n\t\t\t\t<\/div>\n\t\t\t\t\t<\/div>\n\t\t\t\t<\/div>\n\t\t<div class=\"elementor-element elementor-element-edc26d7 e-con-full e-flex e-con e-parent\" data-id=\"edc26d7\" data-element_type=\"container\" data-settings=\"{&quot;content_width&quot;:&quot;full&quot;,&quot;background_background&quot;:&quot;classic&quot;}\" data-core-v316-plus=\"true\">\n\t\t<div class=\"elementor-element elementor-element-8c01076 e-con-full e-flex e-con e-child\" data-id=\"8c01076\" data-element_type=\"container\" data-settings=\"{&quot;content_width&quot;:&quot;full&quot;}\">\n\t\t\t\t<div class=\"elementor-element elementor-element-3e22fec1 elementor-widget__width-initial elementor-widget elementor-widget-heading\" data-id=\"3e22fec1\" data-element_type=\"widget\" data-widget_type=\"heading.default\">\n\t\t\t\t<div class=\"elementor-widget-container\">\n\t\t\t<style>\/*! elementor - v3.18.0 - 20-12-2023 *\/\n.elementor-heading-title{padding:0;margin:0;line-height:1}.elementor-widget-heading .elementor-heading-title[class*=elementor-size-]>a{color:inherit;font-size:inherit;line-height:inherit}.elementor-widget-heading .elementor-heading-title.elementor-size-small{font-size:15px}.elementor-widget-heading .elementor-heading-title.elementor-size-medium{font-size:19px}.elementor-widget-heading .elementor-heading-title.elementor-size-large{font-size:29px}.elementor-widget-heading .elementor-heading-title.elementor-size-xl{font-size:39px}.elementor-widget-heading .elementor-heading-title.elementor-size-xxl{font-size:59px}<\/style><h2 class=\"elementor-heading-title elementor-size-default\">Cosa sono le alture del Golan e chi sono i drusi, le vittime di un attacco mortale contro Israele?<\/h2>\t\t<\/div>\n\t\t\t\t<\/div>\n\t\t\t\t<div class=\"elementor-element elementor-element-7b9bbfc8 elementor-widget elementor-widget-post-info\" data-id=\"7b9bbfc8\" data-element_type=\"widget\" data-widget_type=\"post-info.default\">\n\t\t\t\t<div class=\"elementor-widget-container\">\n\t\t\t<link rel=\"stylesheet\" href=\"https:\/\/geodi.unint.eu\/wp-content\/plugins\/elementor\/assets\/css\/widget-icon-list.min.css\"><link rel=\"stylesheet\" href=\"https:\/\/geodi.unint.eu\/wp-content\/plugins\/elementor-pro\/assets\/css\/widget-theme-elements.min.css\">\t\t<ul class=\"elementor-inline-items elementor-icon-list-items elementor-post-info\">\n\t\t\t\t\t\t\t\t<li class=\"elementor-icon-list-item elementor-repeater-item-8f04ea3 elementor-inline-item\" itemprop=\"datePublished\">\n\t\t\t\t\t\t\t\t\t\t\t\t\t<span class=\"elementor-icon-list-text elementor-post-info__item elementor-post-info__item--type-date\">\n\t\t\t\t\t\t\t\t\t\t2 Agosto 2024\t\t\t\t\t<\/span>\n\t\t\t\t\t\t\t\t<\/li>\n\t\t\t\t<\/ul>\n\t\t\t\t<\/div>\n\t\t\t\t<\/div>\n\t\t\t\t<\/div>\n\t\t<div class=\"elementor-element elementor-element-4870f255 e-con-full e-flex e-con e-child\" data-id=\"4870f255\" data-element_type=\"container\" data-settings=\"{&quot;content_width&quot;:&quot;full&quot;}\">\n\t\t\t\t<div class=\"elementor-element elementor-element-18dfa270 elementor-widget elementor-widget-theme-post-featured-image elementor-widget-image\" data-id=\"18dfa270\" data-element_type=\"widget\" data-widget_type=\"theme-post-featured-image.default\">\n\t\t\t\t<div class=\"elementor-widget-container\">\n\t\t\t<style>\/*! elementor - v3.18.0 - 20-12-2023 *\/\n.elementor-widget-image{text-align:center}.elementor-widget-image a{display:inline-block}.elementor-widget-image a img[src$=\".svg\"]{width:48px}.elementor-widget-image img{vertical-align:middle;display:inline-block}<\/style>\t\t\t\t\t\t\t\t\t\t\t\t<img fetchpriority=\"high\" decoding=\"async\" width=\"752\" height=\"497\" src=\"https:\/\/geodi.unint.eu\/wp-content\/uploads\/2024\/08\/Immagine-2024-08-02-152339.png\" class=\"attachment-large size-large wp-image-4423\" alt=\"\" srcset=\"https:\/\/geodi.unint.eu\/wp-content\/uploads\/2024\/08\/Immagine-2024-08-02-152339.png 752w, https:\/\/geodi.unint.eu\/wp-content\/uploads\/2024\/08\/Immagine-2024-08-02-152339-300x198.png 300w\" sizes=\"(max-width: 752px) 100vw, 752px\" \/>\t\t\t\t\t\t\t\t\t\t\t\t\t\t\t<\/div>\n\t\t\t\t<\/div>\n\t\t\t\t<div class=\"elementor-element elementor-element-640bcc98 elementor-widget elementor-widget-theme-post-excerpt\" data-id=\"640bcc98\" data-element_type=\"widget\" data-widget_type=\"theme-post-excerpt.default\">\n\t\t\t\t<div class=\"elementor-widget-container\">\n\t\t\tSabato 27 luglio, 2024. Le tensioni al confine tra Israele e Libano hanno raggiunto un nuovo apice dopo l\u2019attacco missilistico, attribuito al gruppo militante di Hezbollah, che \u00e8 costato la vita a dodici ragazzini israeliani nella citt\u00e0 araba di Majdal Shams, sulle Alture del Golan. Marted\u00ec 30 luglio, Tel Aviv ha dato inizio alla sua vendetta con un raid su un sobborgo meridionale della capitale libanese Beirut. Un fattore che complica l\u2019affannata risposta diplomatica, per evitare lo scoppio di una guerra regionale totale, \u00e8 il fatto che le vittime appartenevano alla minoranza religiosa ed etnica dei drusi.\n\t\t<\/div>\n\t\t\t\t<\/div>\n\t\t\t\t<div class=\"elementor-element elementor-element-79c01ac2 elementor-widget elementor-widget-text-editor\" data-id=\"79c01ac2\" data-element_type=\"widget\" data-widget_type=\"text-editor.default\">\n\t\t\t\t<div class=\"elementor-widget-container\">\n\t\t\t<style>\/*! elementor - v3.18.0 - 20-12-2023 *\/\n.elementor-widget-text-editor.elementor-drop-cap-view-stacked .elementor-drop-cap{background-color:#69727d;color:#fff}.elementor-widget-text-editor.elementor-drop-cap-view-framed .elementor-drop-cap{color:#69727d;border:3px solid;background-color:transparent}.elementor-widget-text-editor:not(.elementor-drop-cap-view-default) .elementor-drop-cap{margin-top:8px}.elementor-widget-text-editor:not(.elementor-drop-cap-view-default) .elementor-drop-cap-letter{width:1em;height:1em}.elementor-widget-text-editor .elementor-drop-cap{float:left;text-align:center;line-height:1;font-size:50px}.elementor-widget-text-editor .elementor-drop-cap-letter{display:inline-block}<\/style>\t\t\t\t<p><span style=\"font-weight: 400;\">Ecco cosa sapere sulle alture del Golan e sui drusi coinvolti nel fuoco incrociato in Medio Oriente.<\/span><\/p>\n<p><span style=\"font-weight: 400;\">Cosa sono le Alture del Golan?<\/span><\/p>\n<p><span style=\"font-weight: 400;\">Storico punto di passaggio per le rotte commerciali e militari delle prime grandi civilt\u00e0 del Vicino Oriente, in epoca pi\u00f9 recente le alture del Golan rappresentano un altopiano (geo)strategico per la confluenza di un terzo delle risorse idriche di Israele e la sua sicurezza nazionale, per respingere, cio\u00e8, le minacce dei proxy iraniani.<\/span><\/p>\n<p><span style=\"font-weight: 400;\">Conquistate alla Siria durante la guerra dei Sei giorni, il 5 giugno del 1967, prima di annetterle formalmente nel 1981, hanno ridisegnato non soltanto i confini ma anche gli equilibri della regione.<\/span><\/p>\n<p><span style=\"font-weight: 400;\">Da quasi sessant\u2019anni contese tra Israele e Siria, che continua a chiederne la restituzione, le alture del Golan occupano un\u2019area prevalentemente montuosa, confinante anche con la Giordania e il Libano, ed estesa per circa 1.800 km\u00b2. Considerata \u201cterritorio occupato\u201d alla stregua del diritto internazionale nonch\u00e9 delle risoluzioni del Consiglio di sicurezza delle Nazioni Unite, l\u2019area \u00e8 stata spesso un punto critico per la posta in gioco geopolitica. L\u2019ultima volta nel marzo 2019, quando, con una mossa a sorpresa, l\u2019ex presidente USA Donald Trump ha aperto al riconoscimento americano della sovranit\u00e0 di Israele sul Golan.<\/span><\/p>\n<p><span style=\"font-weight: 400;\">L&#8217;attacco di sabato non \u00e8 il primo sulle alture da quando \u00e8 iniziata la guerra dello Stato ebraico contro Hamas a Gaza dopo gli attacchi del 7 ottobre.<\/span><\/p>\n<p><span style=\"font-weight: 400;\">All&#8217;inizio di luglio, un attacco missilistico di Hezbollah ha ucciso due persone nell\u2019altopiano, spingendo il capo del Consiglio regionale del Golan a chiedere ritorsioni \u201ccon la forza\u201d contro i miliziani sciiti filoiraniani. Hezbollah ha dichiarato in precedenza di aver sparato dozzine di razzi Katyusha sulle alture \u201cin risposta\u201d a un presunto attacco israeliano in Siria contro un membro chiave del Partito di Dio. Mentre scriviamo, invece, \u00e8 stata proprio la rappresaglia di Israele dopo l\u2019ultima strage in Golan a neutralizzare Fuad Shukr, noto anche come Haj Mohsen, il capo di stato maggiore di Hezbollah considerato dalle Forza di Difesa Israeliane (IDF) \u201cresponsabile dell\u2019omicidio dei drusi di Majdal Shams e di numerosi altri civili israeliani\u201d.<\/span><\/p>\n<p><span style=\"font-weight: 400;\">Chi sono, dunque, i Drusi?<\/span><\/p>\n<p><span style=\"font-weight: 400;\">Originata da una comunit\u00e0 etnica araba, propaggine dell\u2019Islam sciita ismailita, quella drusa \u00e8 una religione radicata nel monoteismo abramitico, fondata nell\u2019Egitto dell\u2019XI secolo sotto il dominio dei califfi Fatimidi, esteso anche a Damasco. La loro fede non permette convertiti da o verso la religione e mescola elementi di altri culti; le pratiche devozionali druse sono ancora per lo pi\u00f9 segrete; la setta disapprova i matrimoni misti e controlla l\u2019acceso alla conoscenza anche all\u2019interno della fede. Tanto la loro dottrina emanatista quanto una gerarchia gnostica sui generis &#8211; nella quale il profeta Maometto occupa soltanto il posto di quarto tra i cosiddetti \u201cCinque ministri\u201d &#8211; hanno spinto tradizionalmente i musulmani ortodossi a considerare i Drusi perlopi\u00f9 come eretici o infedeli.<\/span><\/p>\n<p><span style=\"font-weight: 400;\">Oggi ci sono oltre 1 milione di drusi in tutto il mondo, distribuiti in Libano &#8211; dove \u00e8 tuttora il loro nucleo pi\u00f9 numeroso &#8211; Siria, Giordania e Israele, che ne conta a sua volta circa 150mila distribuiti tra Galilea e Golan. A differenza della maggior parte delle altre minoranze del Paese, fin dalla sua fondazione nel 1948, numerosi drusi &#8211; in particolare, quelli di Galilea &#8211; sono fedeli allo Stato israeliano e prestano servizio nelle IDF (mentre gli altri musulmani ne sono esentati), tanto che molti hanno raggiunto posizioni chiave nell\u2019esercito, venendo guardati con rispetto dalla societ\u00e0 israeliana. Eppure, negli ultimi anni questa lealt\u00e0 \u00e8 stata messa duramente alla prova. Nel 2018, Israele ha introdotto la Legge fondamentale sullo Stato-Nazione, che ha codificato il diritto \u201call\u2019autodeterminazione nazionale\u201d come \u201cesclusivo per il popolo ebraico\u201d, ha reso l&#8217;ebraico la sola lingua nazionale e ha stabilito \u201clo sviluppo dell\u2019insediamento ebraico come valore nazionale\u201d.<\/span><\/p>\n<p><span style=\"font-weight: 400;\">Storicamente i drusi, che secondo un allarme lanciato dal Consiglio per i diritti umani dell\u2019ONU continuano a subire una discriminazione diffusa, in particolare per le politiche relative all&#8217;assegnazione di terra e acqua, si sono opposti alle leggi dello Stato ebraico che consideravano tentativi di \u201cisraelizzazione\u201d. Nel 2018, quindi, migliaia di manifestanti arabi guidati proprio da drusi hanno marciato contro l\u2019ennesima legge che li rende di fatto cittadini di seconda classe.<\/span><\/p>\n<p><span style=\"font-weight: 400;\">Specificamente, i drusi sulle alture del Golan (circa 23mila persone) costituiscono una minoranza nella minoranza. Originariamente siriani, quando Israele ha annesso il territorio dopo averlo conquistato nella guerra del 1967, \u00e8 stata offerta loro la cittadinanza israeliana. La maggior parte ha rifiutato, dichiarando la propria lealt\u00e0 alla Siria. Ma questo sentimento nazionale si \u00e8 indebolito negli ultimi anni. Diversi drusi in Siria hanno preso parte alle proteste contro il presidente Bashar al-Assad, dopo che nel 2011 \u00e8 scoppiata la rivoluzione che ne ha sfidato il regime autoritario. I drusi pi\u00f9 giovani del Golan, nel frattempo, hanno sempre e solo conosciuto la vita nello Stato israeliano e, soprattutto tra le nuove generazioni, le richieste di cittadinanza sono quadruplicate nel periodo 2017-2022.<\/span><\/p>\n<p><span style=\"font-weight: 400;\">La diaspora drusa in una regione altamente fratturata ha determinato un compromesso politico costante, forgiando in alcuni casi alleanze pragmatiche con gruppi pi\u00f9 potenti che, tuttavia, hanno minato la solidariet\u00e0 tra correligionari. I drusi in Israele sono infuriati per l&#8217;alleanza con Hezbollah della loro controparte libanese, che ha combattuto a sostegno di Assad nella guerra civile siriana. Nel frattempo, i drusi in Libano sono critici nei confronti di chi in Israele non condanna abbastanza esplicitamente il trattamento di Israele verso i palestinesi.<\/span><\/p>\n<p><span style=\"font-weight: 400;\">Ma le morti di sabato scorso hanno indignato l&#8217;intera comunit\u00e0, mentre Hezbollah \u2013 che, sebbene a un passo dalla guerra con Israele, continua a negare in modo poco plausibile ogni responsabilit\u00e0 \u2013 deve fare i conti con il dissenso druso in Libano cos\u00ec come all&#8217;estero. Il contraccolpo politico si \u00e8 fatto sentire anche oltre il confine israeliano. Quando un gruppo di drusi ha ricordato i morti di Majdal Shams, nei pressi del campo da calcio luogo dell&#8217;attacco, \u00e8 stato presto smobilitato. Alcuni dei manifestanti (esattamente come il popolo israeliano)&nbsp; ha contestato i ministri arrivati domenica ai funerali di Stato e, soprattutto Benjamin Netanyahu, accusando direttamente il governo per aver trascurato la regione dove vive la loro comunit\u00e0; altri hanno chiesto ritorsioni contro Hezbollah; e altri ancora hanno espresso la loro frustrazione perch\u00e9 la comunit\u00e0 drusa si trova, ancora una volta, presa nel fuoco incrociato di un conflitto trascinato dalle autorit\u00e0 politiche, di cui non si sente bersaglio.<\/span><\/p>\n<p><span style=\"font-weight: 400;\">&nbsp;Alessio Zattolo &#8211; PhD Student UNINT<\/span><\/p>\t\t\t\t\t\t<\/div>\n\t\t\t\t<\/div>\n\t\t\t\t<\/div>\n\t\t<div class=\"elementor-element elementor-element-5f7db0de e-con-full e-flex e-con e-child\" data-id=\"5f7db0de\" data-element_type=\"container\" data-settings=\"{&quot;content_width&quot;:&quot;full&quot;}\">\n\t\t\t\t<\/div>\n\t\t\t\t<\/div>\n\t\t<div class=\"elementor-element elementor-element-664cae4e e-flex e-con-boxed e-con e-parent\" data-id=\"664cae4e\" data-element_type=\"container\" data-settings=\"{&quot;content_width&quot;:&quot;boxed&quot;}\" data-core-v316-plus=\"true\">\n\t\t\t\t\t<div class=\"e-con-inner\">\n\t\t\t\t<div class=\"elementor-element elementor-element-200c75bc elementor-widget elementor-widget-spacer\" data-id=\"200c75bc\" data-element_type=\"widget\" data-widget_type=\"spacer.default\">\n\t\t\t\t<div class=\"elementor-widget-container\">\n\t\t\t\t\t<div class=\"elementor-spacer\">\n\t\t\t<div class=\"elementor-spacer-inner\"><\/div>\n\t\t<\/div>\n\t\t\t\t<\/div>\n\t\t\t\t<\/div>\n\t\t\t\t\t<\/div>\n\t\t\t\t<\/div>\n\t\t<div class=\"elementor-element elementor-element-22edcb16 e-con-full e-flex e-con e-parent\" data-id=\"22edcb16\" data-element_type=\"container\" data-settings=\"{&quot;content_width&quot;:&quot;full&quot;,&quot;background_background&quot;:&quot;classic&quot;}\" data-core-v316-plus=\"true\">\n\t\t<div class=\"elementor-element elementor-element-66947383 e-con-full e-flex e-con e-child\" data-id=\"66947383\" data-element_type=\"container\" data-settings=\"{&quot;content_width&quot;:&quot;full&quot;}\">\n\t\t\t\t<div class=\"elementor-element elementor-element-4b02e8e0 elementor-widget elementor-widget-image\" data-id=\"4b02e8e0\" data-element_type=\"widget\" data-widget_type=\"image.default\">\n\t\t\t\t<div class=\"elementor-widget-container\">\n\t\t\t\t\t\t\t\t\t\t\t\t\t\t\t<img decoding=\"async\" width=\"800\" height=\"228\" src=\"https:\/\/geodi.unint.eu\/wp-content\/uploads\/2023\/11\/cropped-Logo-GEODI_blue-1024x292.png\" class=\"attachment-large size-large wp-image-239\" alt=\"\" srcset=\"https:\/\/geodi.unint.eu\/wp-content\/uploads\/2023\/11\/cropped-Logo-GEODI_blue-1024x292.png 1024w, https:\/\/geodi.unint.eu\/wp-content\/uploads\/2023\/11\/cropped-Logo-GEODI_blue-300x86.png 300w, https:\/\/geodi.unint.eu\/wp-content\/uploads\/2023\/11\/cropped-Logo-GEODI_blue-768x219.png 768w, https:\/\/geodi.unint.eu\/wp-content\/uploads\/2023\/11\/cropped-Logo-GEODI_blue-1536x438.png 1536w, https:\/\/geodi.unint.eu\/wp-content\/uploads\/2023\/11\/cropped-Logo-GEODI_blue.png 1752w\" sizes=\"(max-width: 800px) 100vw, 800px\" \/>\t\t\t\t\t\t\t\t\t\t\t\t\t\t\t<\/div>\n\t\t\t\t<\/div>\n\t\t\t\t<\/div>\n\t\t<div class=\"elementor-element elementor-element-2483bc7c e-con-full e-flex e-con e-child\" data-id=\"2483bc7c\" data-element_type=\"container\" data-settings=\"{&quot;content_width&quot;:&quot;full&quot;}\">\n\t\t\t\t<div class=\"elementor-element elementor-element-4ff66cea elementor-widget elementor-widget-image\" data-id=\"4ff66cea\" data-element_type=\"widget\" data-widget_type=\"image.default\">\n\t\t\t\t<div class=\"elementor-widget-container\">\n\t\t\t\t\t\t\t\t\t\t\t\t\t\t\t<img decoding=\"async\" width=\"800\" height=\"402\" src=\"https:\/\/geodi.unint.eu\/wp-content\/uploads\/2023\/11\/Logo-UNINT-1024x515.png\" class=\"attachment-large size-large wp-image-237\" alt=\"\" srcset=\"https:\/\/geodi.unint.eu\/wp-content\/uploads\/2023\/11\/Logo-UNINT-1024x515.png 1024w, https:\/\/geodi.unint.eu\/wp-content\/uploads\/2023\/11\/Logo-UNINT-300x151.png 300w, https:\/\/geodi.unint.eu\/wp-content\/uploads\/2023\/11\/Logo-UNINT-768x386.png 768w, https:\/\/geodi.unint.eu\/wp-content\/uploads\/2023\/11\/Logo-UNINT-1536x772.png 1536w, https:\/\/geodi.unint.eu\/wp-content\/uploads\/2023\/11\/Logo-UNINT-2048x1029.png 2048w\" sizes=\"(max-width: 800px) 100vw, 800px\" \/>\t\t\t\t\t\t\t\t\t\t\t\t\t\t\t<\/div>\n\t\t\t\t<\/div>\n\t\t\t\t<\/div>\n\t\t<div class=\"elementor-element elementor-element-1051728b e-con-full e-flex e-con e-child\" data-id=\"1051728b\" data-element_type=\"container\" data-settings=\"{&quot;content_width&quot;:&quot;full&quot;}\">\n\t\t\t\t<div class=\"elementor-element elementor-element-74646ff5 elementor-widget elementor-widget-image\" data-id=\"74646ff5\" data-element_type=\"widget\" data-widget_type=\"image.default\">\n\t\t\t\t<div class=\"elementor-widget-container\">\n\t\t\t\t\t\t\t\t\t\t\t\t\t\t\t<img loading=\"lazy\" decoding=\"async\" width=\"800\" height=\"92\" src=\"https:\/\/geodi.unint.eu\/wp-content\/uploads\/2023\/11\/LINTERNAZIONALE_Logo_ok-1024x118.png\" class=\"attachment-large size-large wp-image-238\" alt=\"\" srcset=\"https:\/\/geodi.unint.eu\/wp-content\/uploads\/2023\/11\/LINTERNAZIONALE_Logo_ok-1024x118.png 1024w, https:\/\/geodi.unint.eu\/wp-content\/uploads\/2023\/11\/LINTERNAZIONALE_Logo_ok-300x35.png 300w, https:\/\/geodi.unint.eu\/wp-content\/uploads\/2023\/11\/LINTERNAZIONALE_Logo_ok-768x88.png 768w, https:\/\/geodi.unint.eu\/wp-content\/uploads\/2023\/11\/LINTERNAZIONALE_Logo_ok-1536x177.png 1536w, https:\/\/geodi.unint.eu\/wp-content\/uploads\/2023\/11\/LINTERNAZIONALE_Logo_ok-2048x236.png 2048w\" sizes=\"(max-width: 800px) 100vw, 800px\" \/>\t\t\t\t\t\t\t\t\t\t\t\t\t\t\t<\/div>\n\t\t\t\t<\/div>\n\t\t\t\t<\/div>\n\t\t<div class=\"elementor-element elementor-element-45bf3ea4 e-con-full e-flex e-con e-child\" data-id=\"45bf3ea4\" data-element_type=\"container\" data-settings=\"{&quot;content_width&quot;:&quot;full&quot;}\">\n\t\t\t\t<div class=\"elementor-element elementor-element-63da2bd5 elementor-widget elementor-widget-heading\" data-id=\"63da2bd5\" data-element_type=\"widget\" data-widget_type=\"heading.default\">\n\t\t\t\t<div class=\"elementor-widget-container\">\n\t\t\t<h2 class=\"elementor-heading-title elementor-size-default\">Coordinamento a cura di Ciro Sbail\u00f2<br><br>Universit\u00e0 degli Studi Internazionali di Roma - UNINT\n<\/h2>\t\t<\/div>\n\t\t\t\t<\/div>\n\t\t\t\t<div class=\"elementor-element elementor-element-2f8c0f25 elementor-widget elementor-widget-heading\" data-id=\"2f8c0f25\" data-element_type=\"widget\" data-widget_type=\"heading.default\">\n\t\t\t\t<div class=\"elementor-widget-container\">\n\t\t\t<h2 class=\"elementor-heading-title elementor-size-default\">Via Cristoforo Colombo, 200 - 00147 Roma | C.F. 97136680580 | P.I. 05639791002 | Codice SDI: M5UXCR1 | Mail: geodi@unint.eu\n<\/h2>\t\t<\/div>\n\t\t\t\t<\/div>\n\t\t\t\t<\/div>\n\t\t\t\t<\/div>\n\t\t\t\t\t\t\t<\/div>\n\t\t","protected":false},"excerpt":{"rendered":"<p>Sabato 27 luglio, 2024. Le tensioni al confine tra Israele e Libano hanno raggiunto un nuovo apice dopo l\u2019attacco missilistico, attribuito al gruppo militante di Hezbollah, che \u00e8 costato la vita a dodici ragazzini israeliani nella citt\u00e0 araba di Majdal Shams, sulle Alture del Golan. Marted\u00ec 30 luglio, Tel Aviv ha dato inizio alla sua vendetta con un raid su un sobborgo meridionale della capitale libanese Beirut. Un fattore che complica l\u2019affannata risposta diplomatica, per evitare lo scoppio di una guerra regionale totale, \u00e8 il fatto che le vittime appartenevano alla minoranza religiosa ed etnica dei drusi.<\/p>\n","protected":false},"author":3,"featured_media":4423,"comment_status":"closed","ping_status":"","sticky":false,"template":"","format":"standard","meta":{"footnotes":""},"categories":[17],"tags":[35,166,33,144,32],"class_list":["post-4422","post","type-post","status-publish","format-standard","has-post-thumbnail","hentry","category-geopolitica-h24","tag-gaza","tag-hezbollah","tag-israele","tag-libano","tag-medio-oriente"],"_links":{"self":[{"href":"https:\/\/geodi.unint.eu\/index.php?rest_route=\/wp\/v2\/posts\/4422","targetHints":{"allow":["GET"]}}],"collection":[{"href":"https:\/\/geodi.unint.eu\/index.php?rest_route=\/wp\/v2\/posts"}],"about":[{"href":"https:\/\/geodi.unint.eu\/index.php?rest_route=\/wp\/v2\/types\/post"}],"author":[{"embeddable":true,"href":"https:\/\/geodi.unint.eu\/index.php?rest_route=\/wp\/v2\/users\/3"}],"replies":[{"embeddable":true,"href":"https:\/\/geodi.unint.eu\/index.php?rest_route=%2Fwp%2Fv2%2Fcomments&post=4422"}],"version-history":[{"count":4,"href":"https:\/\/geodi.unint.eu\/index.php?rest_route=\/wp\/v2\/posts\/4422\/revisions"}],"predecessor-version":[{"id":4427,"href":"https:\/\/geodi.unint.eu\/index.php?rest_route=\/wp\/v2\/posts\/4422\/revisions\/4427"}],"wp:featuredmedia":[{"embeddable":true,"href":"https:\/\/geodi.unint.eu\/index.php?rest_route=\/wp\/v2\/media\/4423"}],"wp:attachment":[{"href":"https:\/\/geodi.unint.eu\/index.php?rest_route=%2Fwp%2Fv2%2Fmedia&parent=4422"}],"wp:term":[{"taxonomy":"category","embeddable":true,"href":"https:\/\/geodi.unint.eu\/index.php?rest_route=%2Fwp%2Fv2%2Fcategories&post=4422"},{"taxonomy":"post_tag","embeddable":true,"href":"https:\/\/geodi.unint.eu\/index.php?rest_route=%2Fwp%2Fv2%2Ftags&post=4422"}],"curies":[{"name":"wp","href":"https:\/\/api.w.org\/{rel}","templated":true}]}}