{"id":6518,"date":"2026-04-30T13:49:23","date_gmt":"2026-04-30T11:49:23","guid":{"rendered":"https:\/\/geodi.unint.eu\/?p=6518"},"modified":"2026-04-30T13:49:46","modified_gmt":"2026-04-30T11:49:46","slug":"germania-il-riarmo-come-nuova-politica-industriale","status":"publish","type":"post","link":"https:\/\/geodi.unint.eu\/?p=6518","title":{"rendered":"Germania: il riarmo come nuova politica industriale"},"content":{"rendered":"\t\t<div data-elementor-type=\"wp-post\" data-elementor-id=\"6518\" class=\"elementor elementor-6518\" data-elementor-post-type=\"post\">\n\t\t\t\t\t\t\t<div class=\"elementor-element elementor-element-f014fcf e-flex e-con-boxed e-con e-parent\" data-id=\"f014fcf\" data-element_type=\"container\" data-settings=\"{&quot;content_width&quot;:&quot;boxed&quot;}\" data-core-v316-plus=\"true\">\n\t\t\t\t\t<div class=\"e-con-inner\">\n\t\t\t\t<div class=\"elementor-element elementor-element-6350cc95 elementor-widget elementor-widget-spacer\" data-id=\"6350cc95\" data-element_type=\"widget\" data-widget_type=\"spacer.default\">\n\t\t\t\t<div class=\"elementor-widget-container\">\n\t\t\t<style>\/*! elementor - v3.18.0 - 20-12-2023 *\/\n.elementor-column .elementor-spacer-inner{height:var(--spacer-size)}.e-con{--container-widget-width:100%}.e-con-inner>.elementor-widget-spacer,.e-con>.elementor-widget-spacer{width:var(--container-widget-width,var(--spacer-size));--align-self:var(--container-widget-align-self,initial);--flex-shrink:0}.e-con-inner>.elementor-widget-spacer>.elementor-widget-container,.e-con>.elementor-widget-spacer>.elementor-widget-container{height:100%;width:100%}.e-con-inner>.elementor-widget-spacer>.elementor-widget-container>.elementor-spacer,.e-con>.elementor-widget-spacer>.elementor-widget-container>.elementor-spacer{height:100%}.e-con-inner>.elementor-widget-spacer>.elementor-widget-container>.elementor-spacer>.elementor-spacer-inner,.e-con>.elementor-widget-spacer>.elementor-widget-container>.elementor-spacer>.elementor-spacer-inner{height:var(--container-widget-height,var(--spacer-size))}.e-con-inner>.elementor-widget-spacer.elementor-widget-empty,.e-con>.elementor-widget-spacer.elementor-widget-empty{position:relative;min-height:22px;min-width:22px}.e-con-inner>.elementor-widget-spacer.elementor-widget-empty .elementor-widget-empty-icon,.e-con>.elementor-widget-spacer.elementor-widget-empty .elementor-widget-empty-icon{position:absolute;top:0;bottom:0;left:0;right:0;margin:auto;padding:0;width:22px;height:22px}<\/style>\t\t<div class=\"elementor-spacer\">\n\t\t\t<div class=\"elementor-spacer-inner\"><\/div>\n\t\t<\/div>\n\t\t\t\t<\/div>\n\t\t\t\t<\/div>\n\t\t\t\t\t<\/div>\n\t\t\t\t<\/div>\n\t\t<div class=\"elementor-element elementor-element-52ea125e e-con-full e-flex e-con e-parent\" data-id=\"52ea125e\" data-element_type=\"container\" data-settings=\"{&quot;content_width&quot;:&quot;full&quot;,&quot;background_background&quot;:&quot;classic&quot;}\" data-core-v316-plus=\"true\">\n\t\t<div class=\"elementor-element elementor-element-bb8a01e e-con-full e-flex e-con e-child\" data-id=\"bb8a01e\" data-element_type=\"container\" data-settings=\"{&quot;content_width&quot;:&quot;full&quot;}\">\n\t\t\t\t<div class=\"elementor-element elementor-element-465e8913 elementor-widget__width-initial elementor-widget elementor-widget-heading\" data-id=\"465e8913\" data-element_type=\"widget\" data-widget_type=\"heading.default\">\n\t\t\t\t<div class=\"elementor-widget-container\">\n\t\t\t<style>\/*! elementor - v3.18.0 - 20-12-2023 *\/\n.elementor-heading-title{padding:0;margin:0;line-height:1}.elementor-widget-heading .elementor-heading-title[class*=elementor-size-]>a{color:inherit;font-size:inherit;line-height:inherit}.elementor-widget-heading .elementor-heading-title.elementor-size-small{font-size:15px}.elementor-widget-heading .elementor-heading-title.elementor-size-medium{font-size:19px}.elementor-widget-heading .elementor-heading-title.elementor-size-large{font-size:29px}.elementor-widget-heading .elementor-heading-title.elementor-size-xl{font-size:39px}.elementor-widget-heading .elementor-heading-title.elementor-size-xxl{font-size:59px}<\/style><h2 class=\"elementor-heading-title elementor-size-default\">Germania: il riarmo come nuova politica industriale<\/h2>\t\t<\/div>\n\t\t\t\t<\/div>\n\t\t\t\t<div class=\"elementor-element elementor-element-223410f4 elementor-widget elementor-widget-post-info\" data-id=\"223410f4\" data-element_type=\"widget\" data-widget_type=\"post-info.default\">\n\t\t\t\t<div class=\"elementor-widget-container\">\n\t\t\t<link rel=\"stylesheet\" href=\"https:\/\/geodi.unint.eu\/wp-content\/plugins\/elementor\/assets\/css\/widget-icon-list.min.css\"><link rel=\"stylesheet\" href=\"https:\/\/geodi.unint.eu\/wp-content\/plugins\/elementor-pro\/assets\/css\/widget-theme-elements.min.css\">\t\t<ul class=\"elementor-inline-items elementor-icon-list-items elementor-post-info\">\n\t\t\t\t\t\t\t\t<li class=\"elementor-icon-list-item elementor-repeater-item-8f04ea3 elementor-inline-item\" itemprop=\"datePublished\">\n\t\t\t\t\t\t\t\t\t\t\t\t\t<span class=\"elementor-icon-list-text elementor-post-info__item elementor-post-info__item--type-date\">\n\t\t\t\t\t\t\t\t\t\t30 Aprile 2026\t\t\t\t\t<\/span>\n\t\t\t\t\t\t\t\t<\/li>\n\t\t\t\t<\/ul>\n\t\t\t\t<\/div>\n\t\t\t\t<\/div>\n\t\t\t\t<\/div>\n\t\t<div class=\"elementor-element elementor-element-603b7ea5 e-con-full e-flex e-con e-child\" data-id=\"603b7ea5\" data-element_type=\"container\" data-settings=\"{&quot;content_width&quot;:&quot;full&quot;}\">\n\t\t\t\t<div class=\"elementor-element elementor-element-7a1c808f elementor-widget elementor-widget-theme-post-featured-image elementor-widget-image\" data-id=\"7a1c808f\" data-element_type=\"widget\" data-widget_type=\"theme-post-featured-image.default\">\n\t\t\t\t<div class=\"elementor-widget-container\">\n\t\t\t<style>\/*! elementor - v3.18.0 - 20-12-2023 *\/\n.elementor-widget-image{text-align:center}.elementor-widget-image a{display:inline-block}.elementor-widget-image a img[src$=\".svg\"]{width:48px}.elementor-widget-image img{vertical-align:middle;display:inline-block}<\/style>\t\t\t\t\t\t\t\t\t\t\t\t<img fetchpriority=\"high\" decoding=\"async\" width=\"800\" height=\"489\" src=\"https:\/\/geodi.unint.eu\/wp-content\/uploads\/2025\/02\/pexels-photo-109629-1024x626.webp\" class=\"attachment-large size-large wp-image-5084\" alt=\"\" srcset=\"https:\/\/geodi.unint.eu\/wp-content\/uploads\/2025\/02\/pexels-photo-109629-1024x626.webp 1024w, https:\/\/geodi.unint.eu\/wp-content\/uploads\/2025\/02\/pexels-photo-109629-300x184.webp 300w, https:\/\/geodi.unint.eu\/wp-content\/uploads\/2025\/02\/pexels-photo-109629-768x470.webp 768w, https:\/\/geodi.unint.eu\/wp-content\/uploads\/2025\/02\/pexels-photo-109629-1536x940.webp 1536w, https:\/\/geodi.unint.eu\/wp-content\/uploads\/2025\/02\/pexels-photo-109629-2048x1253.webp 2048w\" sizes=\"(max-width: 800px) 100vw, 800px\" \/>\t\t\t\t\t\t\t\t\t\t\t\t\t\t\t<\/div>\n\t\t\t\t<\/div>\n\t\t\t\t<div class=\"elementor-element elementor-element-19cd1d99 elementor-widget elementor-widget-theme-post-excerpt\" data-id=\"19cd1d99\" data-element_type=\"widget\" data-widget_type=\"theme-post-excerpt.default\">\n\t\t\t\t<div class=\"elementor-widget-container\">\n\t\t\tLa Germania ha pubblicato la prima strategia militare nella storia della Repubblica federale. Il documento, presentato il 22 aprile 2026 dal ministro della Difesa Boris Pistorius insieme al capo delle forze armate, il generale Carsten Breuer, segna una cesura rispetto a decenni di politica di contenimento della spesa militare e di delega strategica agli Stati Uniti. Come ha scritto The Economist, il generale Breuer \u2014 che ha fatto della comunicazione pubblica una priorit\u00e0 senza precedenti per un militare tedesco \u2014 ha accompagnato la pubblicazione della strategia con un\u2019intervista in cui ha delineato il nuovo corso: la Bundeswehr dovr\u00e0 diventare, nelle parole del cancelliere Friedrich Merz, il pi\u00f9 forte esercito convenzionale d\u2019Europa. Che il vertice delle forze armate tedesche venga riconosciuto per strada da un passeggero su un volo per D\u00fcsseldorf, come racconta lo stesso Breuer all\u2019Economist, \u00e8 di per s\u00e9 un fatto indicativo della trasformazione in corso nell\u2019opinione pubblica tedesca rispetto alla difesa.\n\t\t<\/div>\n\t\t\t\t<\/div>\n\t\t\t\t<div class=\"elementor-element elementor-element-6bdd90e6 elementor-widget elementor-widget-text-editor\" data-id=\"6bdd90e6\" data-element_type=\"widget\" data-widget_type=\"text-editor.default\">\n\t\t\t\t<div class=\"elementor-widget-container\">\n\t\t\t<style>\/*! elementor - v3.18.0 - 20-12-2023 *\/\n.elementor-widget-text-editor.elementor-drop-cap-view-stacked .elementor-drop-cap{background-color:#69727d;color:#fff}.elementor-widget-text-editor.elementor-drop-cap-view-framed .elementor-drop-cap{color:#69727d;border:3px solid;background-color:transparent}.elementor-widget-text-editor:not(.elementor-drop-cap-view-default) .elementor-drop-cap{margin-top:8px}.elementor-widget-text-editor:not(.elementor-drop-cap-view-default) .elementor-drop-cap-letter{width:1em;height:1em}.elementor-widget-text-editor .elementor-drop-cap{float:left;text-align:center;line-height:1;font-size:50px}.elementor-widget-text-editor .elementor-drop-cap-letter{display:inline-block}<\/style>\t\t\t\t<p><span style=\"font-weight: 400;\">La Germania ha pubblicato la prima strategia militare nella storia della Repubblica federale. Il documento, presentato il 22 aprile 2026 dal ministro della Difesa Boris Pistorius insieme al capo delle forze armate, il generale Carsten Breuer, segna una cesura rispetto a decenni di politica di contenimento della spesa militare e di delega strategica agli Stati Uniti. Come ha scritto <\/span><a href=\"https:\/\/www.economist.com\/europe\/2026\/04\/22\/can-the-germans-fight\"><i><span style=\"font-weight: 400;\">The Economist<\/span><\/i><\/a><span style=\"font-weight: 400;\">, il generale Breuer \u2014 che ha fatto della comunicazione pubblica una priorit\u00e0 senza precedenti per un militare tedesco \u2014 ha accompagnato la pubblicazione della strategia con un\u2019intervista in cui ha delineato il nuovo corso: la Bundeswehr dovr\u00e0 diventare, nelle parole del cancelliere Friedrich Merz, il pi\u00f9 forte esercito convenzionale d\u2019Europa. Che il vertice delle forze armate tedesche venga riconosciuto per strada da un passeggero su un volo per D\u00fcsseldorf, come racconta lo stesso Breuer all\u2019<\/span><i><span style=\"font-weight: 400;\">Economist<\/span><\/i><span style=\"font-weight: 400;\">, \u00e8 di per s\u00e9 un fatto indicativo della trasformazione in corso nell\u2019opinione pubblica tedesca rispetto alla difesa.<\/span><\/p><p><b>Le tre fasi del potenziamento e la dimensione finanziaria<\/b><\/p><p><span style=\"font-weight: 400;\">La strategia \u2014 in gran parte classificata \u2014 articola il potenziamento della Bundeswehr in tre fasi. Come ha ricostruito Chris Lunday su <\/span><a href=\"https:\/\/www.politico.eu\/article\/germany-military-strategy-bundeswehr-boris-pistorius\/\"><i><span style=\"font-weight: 400;\">Politico<\/span><\/i><\/a><span style=\"font-weight: 400;\">, la prima fase, fino al 2029, punta a massimizzare rapidamente la prontezza operativa e la capacit\u00e0 di sostenere operazioni nel breve periodo. La seconda, fino al 2035, prevede un\u2019espansione strutturata delle capacit\u00e0 su tutti i domini, in linea con gli obiettivi NATO. La terza, che si estende al 2039, mira a trasformare la Bundeswehr in una forza tecnologicamente avanzata, costruita attorno all\u2019innovazione e alle capacit\u00e0 di nuova generazione. Pistorius ha inquadrato la strategia come una risposta al peggioramento del contesto di sicurezza, dichiarando che si tratta di una rottura con decenni di presupposti da tempo di pace.<\/span><\/p><p><span style=\"font-weight: 400;\">Il documento della strategia identifica le caratteristiche della guerra moderna che guideranno lo sviluppo delle forze armate: un campo di battaglia \u00abtrasparente\u00bb che esige il primato nell\u2019uso dei dati, sistemi autonomi a basso costo prodotti su larga scala e attacchi ibridi al di sotto della soglia del conflitto aperto. L\u2019obiettivo dichiarato \u00e8 la superiorit\u00e0 tecnologica entro il 2039, inclusa la capacit\u00e0 di colpire in profondit\u00e0 con precisione. La strategia \u2014 scrive <\/span><i><span style=\"font-weight: 400;\">The Economist<\/span><\/i><span style=\"font-weight: 400;\"> \u2014 segnala inoltre un passaggio dottrinale importante: dalla definizione rigida della forza militare in termini di numeri di carri armati o aerei a un approccio flessibile basato sugli \u00abeffetti\u00bb che la Bundeswehr deve essere in grado di produrre, dallo strike a lungo raggio alla difesa aerea e missilistica.<\/span><\/p><p><span style=\"font-weight: 400;\">La dimensione finanziaria dell\u2019operazione \u00e8 imponente. La Germania si \u00e8 impegnata a raggiungere il target NATO del 3,5% del PIL entro il 2029, con un bilancio per la difesa che potrebbe superare i 160 miliardi di euro, lasciando molto indietro Regno Unito e Francia. Il bilancio federale per il 2026, come ha riportato Jens Thurau su <\/span><a href=\"https:\/\/www.dw.com\/en\/german-government-agrees-on-record-debt-for-2026\/a-74752542\"><i><span style=\"font-weight: 400;\">Deutsche Welle<\/span><\/i><\/a><span style=\"font-weight: 400;\">, prevede circa 180 miliardi di euro di nuovo indebitamento \u2014 il secondo livello pi\u00f9 alto nella storia del dopoguerra tedesco, superato solo durante la pandemia \u2014 di cui circa 83 miliardi destinati alla difesa. A questo si aggiungono due fondi speciali da 500 miliardi ciascuno, svincolati dal freno costituzionale al debito, destinati rispettivamente alla Bundeswehr e alle infrastrutture. Il contesto \u00e8 quello di un\u2019Alleanza atlantica in rapida trasformazione: nel 2014 solo tre paesi membri raggiungevano la soglia del 2% del PIL per la difesa; nel 2025 sono trentuno, e il vertice dell\u2019Aia del giugno 2025 ha fissato il nuovo obiettivo al 3,5%.<\/span><\/p><p><b>Le sfide: procurement, personale, il nodo della leva<\/b><\/p><p><span style=\"font-weight: 400;\">La dotazione finanziaria, per quanto senza precedenti, non risolve da sola i problemi strutturali della Bundeswehr. Il generale Breuer ha riconosciuto all\u2019<\/span><i><span style=\"font-weight: 400;\">Economist<\/span><\/i><span style=\"font-weight: 400;\"> che, quando ha assunto il comando nel 2023, i processi di approvvigionamento erano progettati per non acquistare quasi nulla e un\u2019intera generazione di ufficiali era pi\u00f9 abituata a chiudere caserme che a rifornire arsenali. Nuove regole hanno accelerato alcune procedure \u2014 Breuer cita l\u2019acquisizione di munizioni circuitanti completata in nove mesi \u2014 ma le critiche restano: secondo diversi osservatori, inclusi ambienti vicini allo stesso cancelliere Merz, troppa spesa va a sistemi tradizionali come carri armati e caccia, e troppo poca alla ricerca e sviluppo e alle tecnologie di nuova generazione che hanno dimostrato il loro valore in Ucraina. La risposta di Breuer \u00e8 che gran parte della spesa attuale sta colmando le lacune accumulate in decenni di negligenza, e che questa base \u00e8 necessaria per costruirvi sopra armamenti pi\u00f9 innovativi. L\u2019Ucraina, ha detto, \u00e8 un insegnante, non un modello.<\/span><\/p><p><span style=\"font-weight: 400;\">L\u2019altra sfida riguarda il personale. La strategia prevede una forza complessiva di almeno 460.000 unit\u00e0 tra militari in servizio attivo e riservisti, come riportato da <\/span><i><span style=\"font-weight: 400;\">Politico<\/span><\/i><span style=\"font-weight: 400;\">, rispetto agli attuali 185.000 effettivi. Per avviarsi verso questo obiettivo, una nuova legge obbliga i diciottenni maschi a compilare un questionario che valuta la loro disponibilit\u00e0 all\u2019arruolamento. La maggior parte degli analisti ritiene per\u00f2 che la Germania dovr\u00e0 prima o poi reintrodurre la leva obbligatoria, sospesa nel 2011 \u2014 un passaggio che potrebbe segnare il primo vero momento di resistenza pubblica al riarmo. Un sondaggio del Centro di storia militare e scienze sociali della Bundeswehr rileva che una stretta maggioranza di tedeschi \u00e8 favorevole alla coscrizione per i giovani adulti, ma non i giovani adulti stessi.<\/span><\/p><p><b>Dall\u2019automotive alla difesa: la riconversione industriale<\/b><\/p><p><span style=\"font-weight: 400;\">Parallelamente alla ristrutturazione militare, il riarmo sta diventando anche il perno di una riconversione industriale. Come ha ricostruito Bojan Pancevski sul <\/span><a href=\"https:\/\/www.wsj.com\/world\/europe\/germany-is-reinventing-itself-as-a-weapons-factory-990ad18d?mod=Searchresults&amp;pos=1&amp;page=1\"><i><span style=\"font-weight: 400;\">Wall Street Journal<\/span><\/i><\/a><span style=\"font-weight: 400;\">, la Germania sta attraversando la pi\u00f9 lunga fase di stagnazione economica dal dopoguerra, aggravata dalla competizione cinese e dal calo della domanda. Il settore manifatturiero perde circa 15.000 posti di lavoro al mese: Mercedes-Benz ha registrato un calo degli utili del 49% nel 2025, Volkswagen del 44% con un piano di taglio di 50.000 posti entro il 2030, mentre Porsche ha visto l\u2019utile operativo crollare del 98%.<\/span><\/p><p><span style=\"font-weight: 400;\">La risposta del governo non \u00e8 un tentativo di rianimare il vecchio modello, ma di sostituirlo. Stabilimenti inattivi e lavoratori qualificati in esubero vengono reindirizzati verso l\u2019unico settore ancora in espansione su larga scala. Il ministro dell\u2019Economia Katherina Reiche, citata dal <\/span><i><span style=\"font-weight: 400;\">WSJ<\/span><\/i><span style=\"font-weight: 400;\">, ha sottolineato che la riconversione di siti produttivi gi\u00e0 esistenti pu\u00f2 ridurre gli ostacoli all\u2019ampliamento della capacit\u00e0 produttiva nel settore della difesa. Il ministero finanzia una piattaforma di raccordo, gestita dall\u2019associazione di categoria BDSV, per collegare le catene di fornitura della difesa con aziende provenienti da altri settori.<\/span><\/p><p><span style=\"font-weight: 400;\">I casi concreti illustrano la portata del fenomeno. Schaeffler, uno dei principali fornitori automobilistici al mondo, ha creato una divisione difesa che produce motori per droni, sistemi di bordo per veicoli blindati e componenti per l\u2019aviazione militare, con l\u2019obiettivo di portare al 10% la quota di fatturato proveniente dal settore. Deutz, storico produttore di motori a combustione interna fondato 162 anni fa, si \u00e8 riconvertito fino a fornire generatori per i sistemi di difesa aerea Patriot utilizzati dall\u2019Arabia Saudita, oltre che motori per veicoli autonomi e blindati. Volkswagen \u00e8 in trattativa con aziende israeliane per iniziare a produrre componenti per il sistema Iron Dome entro il 2027. Secondo i dati riportati dal <\/span><i><span style=\"font-weight: 400;\">Wall Street Journal<\/span><\/i><span style=\"font-weight: 400;\">, circa il 90% del capitale di rischio europeo investito nelle tecnologie della difesa confluisce in aziende tedesche. Il vantaggio competitivo di queste imprese, rispetto ai contractor tradizionali della difesa con i loro cicli di sviluppo molto lunghi, risiede nella capacit\u00e0 di scalare rapidamente la produzione, una competenza affinata nella concorrenza spietata del mercato automobilistico.<\/span><\/p><p><b>Meno America, pi\u00f9 Europa: il dilemma strategico<\/b><\/p><p><span style=\"font-weight: 400;\">Il riarmo tedesco si inserisce in un riposizionamento pi\u00f9 ampio del rapporto con gli Stati Uniti. Come ha evidenziato <\/span><i><span style=\"font-weight: 400;\">Politico<\/span><\/i><span style=\"font-weight: 400;\">, Pistorius ha dichiarato che la NATO deve diventare \u00abpi\u00f9 europea per restare transatlantica\u00bb, riconoscendo che Washington \u00e8 sempre pi\u00f9 orientata verso l\u2019Indo-Pacifico. La strategia ribadisce che gli Stati Uniti restano indispensabili per l\u2019Alleanza, ma segnala al tempo stesso che la Germania si aspetta di assumere una responsabilit\u00e0 maggiore all\u2019interno della NATO, non solo nel raggiungimento degli obiettivi di capacit\u00e0 ma anche nella difesa del continente e nel supporto alle operazioni alleate.<\/span><\/p><p><span style=\"font-weight: 400;\">Il generale Breuer ha evocato all\u2019<\/span><i><span style=\"font-weight: 400;\">Economist<\/span><\/i><span style=\"font-weight: 400;\"> un \u00abdilemma strategico\u00bb: i paesi europei sanno di doversi assumere la responsabilit\u00e0 della propria sicurezza, ma non dispongono ancora delle capacit\u00e0 per sostituire gli americani. Serve una \u00abroadmap\u00bb, ha detto, aggiungendo che non sarebbe un leader militare se non considerasse tutti gli scenari, incluso quello peggiore \u2014 un ritiro caotico degli Stati Uniti. Ma non \u00e8 questo il piano principale. Per ora, la Germania sceglie di concentrarsi sulla difesa collettiva e territoriale, lasciando le operazioni di gestione delle crisi in secondo piano \u2014 una postura diversa da quella di Regno Unito e Francia, e confermata dalla posizione ancora incerta di Berlino sulle recenti proposte europee per una missione navale nello Stretto di Hormuz e per una coalizione di peacekeeping in Ucraina.<\/span><\/p><p><span style=\"font-weight: 400;\">Questa postura ha trovato una formalizzazione inedita nella lettera congiunta firmata dallo stesso Breuer e dal capo di stato maggiore britannico, l\u2019Air Chief Marshal Sir Richard Knighton, pubblicata su <\/span><i><span style=\"font-weight: 400;\">The Guardian<\/span><\/i><span style=\"font-weight: 400;\"> e sulla <\/span><i><span style=\"font-weight: 400;\">Welt<\/span><\/i><span style=\"font-weight: 400;\"> nel febbraio 2026. Come ha riportato Kieran Burke su <\/span><a href=\"https:\/\/www.dw.com\/en\/german-and-uk-military-chiefs-state-case-for-rearming\/a-75983486\"><i><span style=\"font-weight: 400;\">Deutsche Welle<\/span><\/i><\/a><span style=\"font-weight: 400;\">, i due vertici militari hanno sostenuto che il riarmo non \u00e8 bellicismo, ma l\u2019azione responsabile di nazioni determinate a proteggere i propri cittadini e a preservare la pace. La forza, hanno scritto, scoraggia l\u2019aggressione; la debolezza la invita. L\u2019appello \u00e8 a una difesa \u00abdi tutta la societ\u00e0\u00bb, che comprenda infrastrutture resilienti, ricerca e sviluppo nel settore privato e istituzioni nazionali pronte a funzionare sotto minaccia crescente.<\/span><\/p><p><b>Il riarmo tra strategia e consenso<\/b><\/p><p><span style=\"font-weight: 400;\">Il riarmo tedesco non \u00e8 una reazione congiunturale alla guerra in Ucraina. \u00c8 un impegno strutturale che attraversa il bilancio dello Stato, la dottrina militare, il tessuto industriale e \u2014 con crescente evidenza \u2014 il dibattito pubblico. Per la prima volta nella storia della Repubblica federale, la difesa non \u00e8 un comparto residuale del bilancio e della politica, ma il settore su cui si scommette per compensare il declino del manifatturiero tradizionale e per dare alla Germania un ruolo di guida nella sicurezza europea.<\/span><\/p><p><span style=\"font-weight: 400;\">Due domande restano tuttavia aperte. La prima \u00e8 se Berlino riuscir\u00e0 a tradurre risorse finanziarie senza precedenti in capacit\u00e0 militare reale, superando i colli di bottiglia del procurement, colmando il divario tecnologico e costruendo una cultura strategica che la Germania, per ragioni storiche evidenti, non ha mai sviluppato come potenza civile del dopoguerra. La seconda \u00e8 se il consenso sociale regger\u00e0 nel tempo: il sondaggio della Bundeswehr sulla coscrizione suggerisce che il sostegno al riarmo \u00e8 largo ma non profondo, e che proprio la generazione chiamata a servirne le fila \u00e8 la pi\u00f9 scettica. L\u2019esito dipender\u00e0 dalla capacit\u00e0 della classe dirigente tedesca di sostenere un argomento impopolare senza il beneficio di una crisi acuta sul proprio territorio \u2014 il tipo di leadership politica pi\u00f9 difficile in una democrazia.<\/span><\/p><p>\u00a0<\/p><p><span style=\"font-weight: 400;\">Alessio Zattolo &#8211; PhD Student<\/span><\/p>\t\t\t\t\t\t<\/div>\n\t\t\t\t<\/div>\n\t\t\t\t<\/div>\n\t\t<div class=\"elementor-element elementor-element-37649668 e-con-full e-flex e-con e-child\" data-id=\"37649668\" data-element_type=\"container\" data-settings=\"{&quot;content_width&quot;:&quot;full&quot;}\">\n\t\t\t\t<\/div>\n\t\t\t\t<\/div>\n\t\t<div class=\"elementor-element elementor-element-3eeaa026 e-flex e-con-boxed e-con e-parent\" data-id=\"3eeaa026\" data-element_type=\"container\" data-settings=\"{&quot;content_width&quot;:&quot;boxed&quot;}\" data-core-v316-plus=\"true\">\n\t\t\t\t\t<div class=\"e-con-inner\">\n\t\t\t\t<div class=\"elementor-element elementor-element-618f1f0b elementor-widget elementor-widget-spacer\" data-id=\"618f1f0b\" data-element_type=\"widget\" data-widget_type=\"spacer.default\">\n\t\t\t\t<div class=\"elementor-widget-container\">\n\t\t\t\t\t<div class=\"elementor-spacer\">\n\t\t\t<div class=\"elementor-spacer-inner\"><\/div>\n\t\t<\/div>\n\t\t\t\t<\/div>\n\t\t\t\t<\/div>\n\t\t\t\t\t<\/div>\n\t\t\t\t<\/div>\n\t\t<div class=\"elementor-element elementor-element-7b52886c e-con-full e-flex e-con e-parent\" data-id=\"7b52886c\" data-element_type=\"container\" data-settings=\"{&quot;content_width&quot;:&quot;full&quot;,&quot;background_background&quot;:&quot;classic&quot;}\" data-core-v316-plus=\"true\">\n\t\t<div class=\"elementor-element elementor-element-74209cdd e-con-full e-flex e-con e-child\" data-id=\"74209cdd\" data-element_type=\"container\" data-settings=\"{&quot;content_width&quot;:&quot;full&quot;}\">\n\t\t\t\t<div class=\"elementor-element elementor-element-1c393567 elementor-widget elementor-widget-image\" data-id=\"1c393567\" data-element_type=\"widget\" data-widget_type=\"image.default\">\n\t\t\t\t<div class=\"elementor-widget-container\">\n\t\t\t\t\t\t\t\t\t\t\t\t\t\t\t<img decoding=\"async\" width=\"800\" height=\"228\" src=\"https:\/\/geodi.unint.eu\/wp-content\/uploads\/2023\/11\/cropped-Logo-GEODI_blue-1024x292.png\" class=\"attachment-large size-large wp-image-239\" alt=\"\" srcset=\"https:\/\/geodi.unint.eu\/wp-content\/uploads\/2023\/11\/cropped-Logo-GEODI_blue-1024x292.png 1024w, https:\/\/geodi.unint.eu\/wp-content\/uploads\/2023\/11\/cropped-Logo-GEODI_blue-300x86.png 300w, https:\/\/geodi.unint.eu\/wp-content\/uploads\/2023\/11\/cropped-Logo-GEODI_blue-768x219.png 768w, https:\/\/geodi.unint.eu\/wp-content\/uploads\/2023\/11\/cropped-Logo-GEODI_blue-1536x438.png 1536w, https:\/\/geodi.unint.eu\/wp-content\/uploads\/2023\/11\/cropped-Logo-GEODI_blue.png 1752w\" sizes=\"(max-width: 800px) 100vw, 800px\" \/>\t\t\t\t\t\t\t\t\t\t\t\t\t\t\t<\/div>\n\t\t\t\t<\/div>\n\t\t\t\t<\/div>\n\t\t<div class=\"elementor-element elementor-element-479c9852 e-con-full e-flex e-con e-child\" data-id=\"479c9852\" data-element_type=\"container\" data-settings=\"{&quot;content_width&quot;:&quot;full&quot;}\">\n\t\t\t\t<div class=\"elementor-element elementor-element-6ef941fb elementor-widget elementor-widget-image\" data-id=\"6ef941fb\" data-element_type=\"widget\" data-widget_type=\"image.default\">\n\t\t\t\t<div class=\"elementor-widget-container\">\n\t\t\t\t\t\t\t\t\t\t\t\t\t\t\t<img decoding=\"async\" width=\"800\" height=\"402\" src=\"https:\/\/geodi.unint.eu\/wp-content\/uploads\/2023\/11\/Logo-UNINT-1024x515.png\" class=\"attachment-large size-large wp-image-237\" alt=\"\" srcset=\"https:\/\/geodi.unint.eu\/wp-content\/uploads\/2023\/11\/Logo-UNINT-1024x515.png 1024w, https:\/\/geodi.unint.eu\/wp-content\/uploads\/2023\/11\/Logo-UNINT-300x151.png 300w, https:\/\/geodi.unint.eu\/wp-content\/uploads\/2023\/11\/Logo-UNINT-768x386.png 768w, https:\/\/geodi.unint.eu\/wp-content\/uploads\/2023\/11\/Logo-UNINT-1536x772.png 1536w, https:\/\/geodi.unint.eu\/wp-content\/uploads\/2023\/11\/Logo-UNINT-2048x1029.png 2048w\" sizes=\"(max-width: 800px) 100vw, 800px\" \/>\t\t\t\t\t\t\t\t\t\t\t\t\t\t\t<\/div>\n\t\t\t\t<\/div>\n\t\t\t\t<\/div>\n\t\t<div class=\"elementor-element elementor-element-7b484f1 e-con-full e-flex e-con e-child\" data-id=\"7b484f1\" data-element_type=\"container\" data-settings=\"{&quot;content_width&quot;:&quot;full&quot;}\">\n\t\t\t\t<div class=\"elementor-element elementor-element-28f14fd9 elementor-widget elementor-widget-image\" data-id=\"28f14fd9\" data-element_type=\"widget\" data-widget_type=\"image.default\">\n\t\t\t\t<div class=\"elementor-widget-container\">\n\t\t\t\t\t\t\t\t\t\t\t\t\t\t\t<img loading=\"lazy\" decoding=\"async\" width=\"800\" height=\"92\" src=\"https:\/\/geodi.unint.eu\/wp-content\/uploads\/2023\/11\/LINTERNAZIONALE_Logo_ok-1024x118.png\" class=\"attachment-large size-large wp-image-238\" alt=\"\" srcset=\"https:\/\/geodi.unint.eu\/wp-content\/uploads\/2023\/11\/LINTERNAZIONALE_Logo_ok-1024x118.png 1024w, https:\/\/geodi.unint.eu\/wp-content\/uploads\/2023\/11\/LINTERNAZIONALE_Logo_ok-300x35.png 300w, https:\/\/geodi.unint.eu\/wp-content\/uploads\/2023\/11\/LINTERNAZIONALE_Logo_ok-768x88.png 768w, https:\/\/geodi.unint.eu\/wp-content\/uploads\/2023\/11\/LINTERNAZIONALE_Logo_ok-1536x177.png 1536w, https:\/\/geodi.unint.eu\/wp-content\/uploads\/2023\/11\/LINTERNAZIONALE_Logo_ok-2048x236.png 2048w\" sizes=\"(max-width: 800px) 100vw, 800px\" \/>\t\t\t\t\t\t\t\t\t\t\t\t\t\t\t<\/div>\n\t\t\t\t<\/div>\n\t\t\t\t<\/div>\n\t\t<div class=\"elementor-element elementor-element-f863c0e e-con-full e-flex e-con e-child\" data-id=\"f863c0e\" data-element_type=\"container\" data-settings=\"{&quot;content_width&quot;:&quot;full&quot;}\">\n\t\t\t\t<div class=\"elementor-element elementor-element-4f40e372 elementor-widget elementor-widget-heading\" data-id=\"4f40e372\" data-element_type=\"widget\" data-widget_type=\"heading.default\">\n\t\t\t\t<div class=\"elementor-widget-container\">\n\t\t\t<h2 class=\"elementor-heading-title elementor-size-default\">Coordinamento a cura di Ciro Sbail\u00f2<br><br>Universit\u00e0 degli Studi Internazionali di Roma - UNINT\n<\/h2>\t\t<\/div>\n\t\t\t\t<\/div>\n\t\t\t\t<div class=\"elementor-element elementor-element-2a03b483 elementor-widget elementor-widget-heading\" data-id=\"2a03b483\" data-element_type=\"widget\" data-widget_type=\"heading.default\">\n\t\t\t\t<div class=\"elementor-widget-container\">\n\t\t\t<h2 class=\"elementor-heading-title elementor-size-default\">Via Cristoforo Colombo, 200 - 00147 Roma | C.F. 97136680580 | P.I. 05639791002 | Codice SDI: M5UXCR1 | Mail: geodi@unint.eu\n<\/h2>\t\t<\/div>\n\t\t\t\t<\/div>\n\t\t\t\t<\/div>\n\t\t\t\t<\/div>\n\t\t\t\t\t\t\t<\/div>\n\t\t","protected":false},"excerpt":{"rendered":"<p>La Germania ha pubblicato la prima strategia militare nella storia della Repubblica federale. Il documento, presentato il 22 aprile 2026 dal ministro della Difesa Boris Pistorius insieme al capo delle forze armate, il generale Carsten Breuer, segna una cesura rispetto a decenni di politica di contenimento della spesa militare e di delega strategica agli Stati Uniti. Come ha scritto The Economist, il generale Breuer \u2014 che ha fatto della comunicazione pubblica una priorit\u00e0 senza precedenti per un militare tedesco \u2014 ha accompagnato la pubblicazione della strategia con un\u2019intervista in cui ha delineato il nuovo corso: la Bundeswehr dovr\u00e0 diventare, nelle parole del cancelliere Friedrich Merz, il pi\u00f9 forte esercito convenzionale d\u2019Europa. Che il vertice delle forze armate tedesche venga riconosciuto per strada da un passeggero su un volo per D\u00fcsseldorf, come racconta lo stesso Breuer all\u2019Economist, \u00e8 di per s\u00e9 un fatto indicativo della trasformazione in corso nell\u2019opinione pubblica tedesca rispetto alla difesa.<\/p>\n","protected":false},"author":3,"featured_media":5084,"comment_status":"closed","ping_status":"","sticky":false,"template":"","format":"standard","meta":{"footnotes":""},"categories":[18,148,17],"tags":[],"class_list":["post-6518","post","type-post","status-publish","format-standard","has-post-thumbnail","hentry","category-analisi-rischi-sistema","category-diritto","category-geopolitica-h24"],"_links":{"self":[{"href":"https:\/\/geodi.unint.eu\/index.php?rest_route=\/wp\/v2\/posts\/6518","targetHints":{"allow":["GET"]}}],"collection":[{"href":"https:\/\/geodi.unint.eu\/index.php?rest_route=\/wp\/v2\/posts"}],"about":[{"href":"https:\/\/geodi.unint.eu\/index.php?rest_route=\/wp\/v2\/types\/post"}],"author":[{"embeddable":true,"href":"https:\/\/geodi.unint.eu\/index.php?rest_route=\/wp\/v2\/users\/3"}],"replies":[{"embeddable":true,"href":"https:\/\/geodi.unint.eu\/index.php?rest_route=%2Fwp%2Fv2%2Fcomments&post=6518"}],"version-history":[{"count":4,"href":"https:\/\/geodi.unint.eu\/index.php?rest_route=\/wp\/v2\/posts\/6518\/revisions"}],"predecessor-version":[{"id":6522,"href":"https:\/\/geodi.unint.eu\/index.php?rest_route=\/wp\/v2\/posts\/6518\/revisions\/6522"}],"wp:featuredmedia":[{"embeddable":true,"href":"https:\/\/geodi.unint.eu\/index.php?rest_route=\/wp\/v2\/media\/5084"}],"wp:attachment":[{"href":"https:\/\/geodi.unint.eu\/index.php?rest_route=%2Fwp%2Fv2%2Fmedia&parent=6518"}],"wp:term":[{"taxonomy":"category","embeddable":true,"href":"https:\/\/geodi.unint.eu\/index.php?rest_route=%2Fwp%2Fv2%2Fcategories&post=6518"},{"taxonomy":"post_tag","embeddable":true,"href":"https:\/\/geodi.unint.eu\/index.php?rest_route=%2Fwp%2Fv2%2Ftags&post=6518"}],"curies":[{"name":"wp","href":"https:\/\/api.w.org\/{rel}","templated":true}]}}