{"id":6535,"date":"2026-04-30T15:10:37","date_gmt":"2026-04-30T13:10:37","guid":{"rendered":"https:\/\/geodi.unint.eu\/?p=6535"},"modified":"2026-04-30T15:11:13","modified_gmt":"2026-04-30T13:11:13","slug":"sanchez-respinge-lidea-degli-stati-uniti-di-sospendere-la-spagna-dalla-nato","status":"publish","type":"post","link":"https:\/\/geodi.unint.eu\/?p=6535","title":{"rendered":"S\u00e1nchez respinge l&#8217;idea degli Stati Uniti di sospendere la Spagna dalla NATO"},"content":{"rendered":"\t\t<div data-elementor-type=\"wp-post\" data-elementor-id=\"6535\" class=\"elementor elementor-6535\" data-elementor-post-type=\"post\">\n\t\t\t\t\t\t\t<div class=\"elementor-element elementor-element-3ad43e16 e-flex e-con-boxed e-con e-parent\" data-id=\"3ad43e16\" data-element_type=\"container\" data-settings=\"{&quot;content_width&quot;:&quot;boxed&quot;}\" data-core-v316-plus=\"true\">\n\t\t\t\t\t<div class=\"e-con-inner\">\n\t\t\t\t<div class=\"elementor-element elementor-element-5e581034 elementor-widget elementor-widget-spacer\" data-id=\"5e581034\" data-element_type=\"widget\" data-widget_type=\"spacer.default\">\n\t\t\t\t<div class=\"elementor-widget-container\">\n\t\t\t<style>\/*! elementor - v3.18.0 - 20-12-2023 *\/\n.elementor-column .elementor-spacer-inner{height:var(--spacer-size)}.e-con{--container-widget-width:100%}.e-con-inner>.elementor-widget-spacer,.e-con>.elementor-widget-spacer{width:var(--container-widget-width,var(--spacer-size));--align-self:var(--container-widget-align-self,initial);--flex-shrink:0}.e-con-inner>.elementor-widget-spacer>.elementor-widget-container,.e-con>.elementor-widget-spacer>.elementor-widget-container{height:100%;width:100%}.e-con-inner>.elementor-widget-spacer>.elementor-widget-container>.elementor-spacer,.e-con>.elementor-widget-spacer>.elementor-widget-container>.elementor-spacer{height:100%}.e-con-inner>.elementor-widget-spacer>.elementor-widget-container>.elementor-spacer>.elementor-spacer-inner,.e-con>.elementor-widget-spacer>.elementor-widget-container>.elementor-spacer>.elementor-spacer-inner{height:var(--container-widget-height,var(--spacer-size))}.e-con-inner>.elementor-widget-spacer.elementor-widget-empty,.e-con>.elementor-widget-spacer.elementor-widget-empty{position:relative;min-height:22px;min-width:22px}.e-con-inner>.elementor-widget-spacer.elementor-widget-empty .elementor-widget-empty-icon,.e-con>.elementor-widget-spacer.elementor-widget-empty .elementor-widget-empty-icon{position:absolute;top:0;bottom:0;left:0;right:0;margin:auto;padding:0;width:22px;height:22px}<\/style>\t\t<div class=\"elementor-spacer\">\n\t\t\t<div class=\"elementor-spacer-inner\"><\/div>\n\t\t<\/div>\n\t\t\t\t<\/div>\n\t\t\t\t<\/div>\n\t\t\t\t\t<\/div>\n\t\t\t\t<\/div>\n\t\t<div class=\"elementor-element elementor-element-745bd610 e-con-full e-flex e-con e-parent\" data-id=\"745bd610\" data-element_type=\"container\" data-settings=\"{&quot;content_width&quot;:&quot;full&quot;,&quot;background_background&quot;:&quot;classic&quot;}\" data-core-v316-plus=\"true\">\n\t\t<div class=\"elementor-element elementor-element-7dda0c1f e-con-full e-flex e-con e-child\" data-id=\"7dda0c1f\" data-element_type=\"container\" data-settings=\"{&quot;content_width&quot;:&quot;full&quot;}\">\n\t\t\t\t<div class=\"elementor-element elementor-element-63ec0147 elementor-widget__width-initial elementor-widget elementor-widget-heading\" data-id=\"63ec0147\" data-element_type=\"widget\" data-widget_type=\"heading.default\">\n\t\t\t\t<div class=\"elementor-widget-container\">\n\t\t\t<style>\/*! elementor - v3.18.0 - 20-12-2023 *\/\n.elementor-heading-title{padding:0;margin:0;line-height:1}.elementor-widget-heading .elementor-heading-title[class*=elementor-size-]>a{color:inherit;font-size:inherit;line-height:inherit}.elementor-widget-heading .elementor-heading-title.elementor-size-small{font-size:15px}.elementor-widget-heading .elementor-heading-title.elementor-size-medium{font-size:19px}.elementor-widget-heading .elementor-heading-title.elementor-size-large{font-size:29px}.elementor-widget-heading .elementor-heading-title.elementor-size-xl{font-size:39px}.elementor-widget-heading .elementor-heading-title.elementor-size-xxl{font-size:59px}<\/style><h2 class=\"elementor-heading-title elementor-size-default\">S\u00e1nchez respinge l'idea degli Stati Uniti di sospendere la Spagna dalla NATO<\/h2>\t\t<\/div>\n\t\t\t\t<\/div>\n\t\t\t\t<div class=\"elementor-element elementor-element-6b86e501 elementor-widget elementor-widget-post-info\" data-id=\"6b86e501\" data-element_type=\"widget\" data-widget_type=\"post-info.default\">\n\t\t\t\t<div class=\"elementor-widget-container\">\n\t\t\t<link rel=\"stylesheet\" href=\"https:\/\/geodi.unint.eu\/wp-content\/plugins\/elementor\/assets\/css\/widget-icon-list.min.css\"><link rel=\"stylesheet\" href=\"https:\/\/geodi.unint.eu\/wp-content\/plugins\/elementor-pro\/assets\/css\/widget-theme-elements.min.css\">\t\t<ul class=\"elementor-inline-items elementor-icon-list-items elementor-post-info\">\n\t\t\t\t\t\t\t\t<li class=\"elementor-icon-list-item elementor-repeater-item-8f04ea3 elementor-inline-item\" itemprop=\"datePublished\">\n\t\t\t\t\t\t\t\t\t\t\t\t\t<span class=\"elementor-icon-list-text elementor-post-info__item elementor-post-info__item--type-date\">\n\t\t\t\t\t\t\t\t\t\t30 Aprile 2026\t\t\t\t\t<\/span>\n\t\t\t\t\t\t\t\t<\/li>\n\t\t\t\t<\/ul>\n\t\t\t\t<\/div>\n\t\t\t\t<\/div>\n\t\t\t\t<\/div>\n\t\t<div class=\"elementor-element elementor-element-291d4bbd e-con-full e-flex e-con e-child\" data-id=\"291d4bbd\" data-element_type=\"container\" data-settings=\"{&quot;content_width&quot;:&quot;full&quot;}\">\n\t\t\t\t<div class=\"elementor-element elementor-element-1b097c74 elementor-widget elementor-widget-theme-post-featured-image elementor-widget-image\" data-id=\"1b097c74\" data-element_type=\"widget\" data-widget_type=\"theme-post-featured-image.default\">\n\t\t\t\t<div class=\"elementor-widget-container\">\n\t\t\t<style>\/*! elementor - v3.18.0 - 20-12-2023 *\/\n.elementor-widget-image{text-align:center}.elementor-widget-image a{display:inline-block}.elementor-widget-image a img[src$=\".svg\"]{width:48px}.elementor-widget-image img{vertical-align:middle;display:inline-block}<\/style>\t\t\t\t\t\t\t\t\t\t\t\t<img fetchpriority=\"high\" decoding=\"async\" width=\"800\" height=\"600\" src=\"https:\/\/geodi.unint.eu\/wp-content\/uploads\/2026\/04\/pexels-pixabay-54097-1024x768.jpg\" class=\"attachment-large size-large wp-image-6536\" alt=\"\" srcset=\"https:\/\/geodi.unint.eu\/wp-content\/uploads\/2026\/04\/pexels-pixabay-54097-1024x768.jpg 1024w, https:\/\/geodi.unint.eu\/wp-content\/uploads\/2026\/04\/pexels-pixabay-54097-300x225.jpg 300w, https:\/\/geodi.unint.eu\/wp-content\/uploads\/2026\/04\/pexels-pixabay-54097-768x576.jpg 768w, https:\/\/geodi.unint.eu\/wp-content\/uploads\/2026\/04\/pexels-pixabay-54097-1536x1152.jpg 1536w, https:\/\/geodi.unint.eu\/wp-content\/uploads\/2026\/04\/pexels-pixabay-54097-2048x1536.jpg 2048w\" sizes=\"(max-width: 800px) 100vw, 800px\" \/>\t\t\t\t\t\t\t\t\t\t\t\t\t\t\t<\/div>\n\t\t\t\t<\/div>\n\t\t\t\t<div class=\"elementor-element elementor-element-4ccba7ce elementor-widget elementor-widget-theme-post-excerpt\" data-id=\"4ccba7ce\" data-element_type=\"widget\" data-widget_type=\"theme-post-excerpt.default\">\n\t\t\t\t<div class=\"elementor-widget-container\">\n\t\t\tEstratto dell\u2019articolo di Aitor Hernandez-Morales, Gordon Repinski, Sonja Rijnen e Victor Jack, S\u00e1nchez dismisses US notion of suspending Spain from NATO, per il Politico, venerd\u00ec 24 aprile 2026.\t\t<\/div>\n\t\t\t\t<\/div>\n\t\t\t\t<div class=\"elementor-element elementor-element-682ed6a4 elementor-widget elementor-widget-text-editor\" data-id=\"682ed6a4\" data-element_type=\"widget\" data-widget_type=\"text-editor.default\">\n\t\t\t\t<div class=\"elementor-widget-container\">\n\t\t\t<style>\/*! elementor - v3.18.0 - 20-12-2023 *\/\n.elementor-widget-text-editor.elementor-drop-cap-view-stacked .elementor-drop-cap{background-color:#69727d;color:#fff}.elementor-widget-text-editor.elementor-drop-cap-view-framed .elementor-drop-cap{color:#69727d;border:3px solid;background-color:transparent}.elementor-widget-text-editor:not(.elementor-drop-cap-view-default) .elementor-drop-cap{margin-top:8px}.elementor-widget-text-editor:not(.elementor-drop-cap-view-default) .elementor-drop-cap-letter{width:1em;height:1em}.elementor-widget-text-editor .elementor-drop-cap{float:left;text-align:center;line-height:1;font-size:50px}.elementor-widget-text-editor .elementor-drop-cap-letter{display:inline-block}<\/style>\t\t\t\t<p><span style=\"font-weight: 400;\">Come riportato dagli autori dell\u2019articolo in questione, venerd\u00ec scorso il primo ministro spagnolo Pedro S\u00e1nchez ha minimizzato il contenuto di un\u2019e-mail trapelata dal Pentagono in cui si suggeriva che la Spagna potesse essere penalizzata con la sospensione della sua adesione alla NATO (North Atlantic Treaty Organization) per non aver sostenuto la guerra in Iran.<\/span><\/p><ul><li aria-level=\"1\"><b>La posizione della Spagna rispetto al contenuto dell\u2019e-mail trapelata dal Pentagono<\/b><\/li><\/ul><p><span style=\"font-weight: 400;\">\u00abNessuna preoccupazione\u00bb, ha dichiarato S\u00e1nchez a Politico (quotidiano statunitense con sede in Virginia, ad Arlington County) al suo arrivo al vertice dei leader dell&#8217;UE a Cipro. \u00abStiamo adempiendo ai nostri obblighi nei confronti della NATO\u00bb.<\/span><\/p><p><span style=\"font-weight: 400;\">\u00abLa posizione del governo spagnolo \u00e8 chiara: cooperazione assoluta con i nostri alleati, ma sempre nel quadro del diritto internazionale\u00bb, ha precisato S\u00e1nchez.<\/span><\/p><p><span style=\"font-weight: 400;\">Il primo ministro si \u00e8 poi rifiutato di commentare il contenuto specifico del documento del Pentagono trapelato, riportato per prima dall\u2019agenzia di stampa Reuters, ribadendo che il suo governo \u00abnon commenta le e-mail, ma piuttosto i documenti ufficiali e le posizioni assunte, in questo caso, dagli Stati Uniti\u00bb.<\/span><\/p><p><span style=\"font-weight: 400;\">L\u2019e-mail, descritta a Reuters da un funzionario statunitense, consiste in una serie di misure politiche che l&#8217;amministrazione del presidente Trump potrebbe adottare per punire gli alleati della NATO che Washington considera \u201cdifficili\u201d o di non supporto alla guerra in Iran.<\/span><\/p><p><span style=\"font-weight: 400;\">La Spagna, uno dei pi\u00f9 <\/span><a href=\"https:\/\/www.politico.eu\/article\/pedro-sanchez-spain-donald-trump-attack-critcism\/\"><span style=\"font-weight: 400;\">accesi oppositori del conflitto<\/span><\/a><span style=\"font-weight: 400;\"> e fanalino di coda nella spesa per la difesa della NATO, \u00e8 stata presa di mira con la minaccia di una sospensione definitiva dall&#8217;alleanza (a testimonianza dell&#8217;ira di Trump nei confronti di Madrid). Il presidente statunitense, come precisato dagli autori dell\u2019articolo, era infuriato per la decisione di S\u00e1nchez di impedire agli aerei da guerra americani di utilizzare le basi militari gestite congiuntamente o lo spazio aereo spagnolo per attaccare l&#8217;Iran.\u00a0<\/span><\/p><p><span style=\"font-weight: 400;\">Il trattato istitutivo della NATO<\/span> <span style=\"font-weight: 400;\">non prevede alcun meccanismo che consenta la sospensione o l&#8217;espulsione di uno dei suoi membri. Il documento contempla solo il ritiro volontario dall\u2019alleanza, che richiede un preavviso di un anno.<\/span><\/p><p><span style=\"font-weight: 400;\">\u00ab\u00c8 difficile capire fino a che punto dovremmo prendere sul serio queste e-mail, al di l\u00e0 del semplice trolling ideologico\u00bb, ha affermato Oana Lungescu, giornalista romena ex portavoce della NATO e attualmente ricercatrice senior presso il Royal United Services Institute.<\/span><\/p><ul><li aria-level=\"1\"><b>La questione delle Isole Falkland<\/b><\/li><\/ul><p><span style=\"font-weight: 400;\">L\u2019e-mail del Pentagono trapelata suggerisce inoltre che Washington potrebbe rivedere la propria posizione sulla rivendicazione britannica delle Isole Falkland come ritorsione per il rifiuto da parte del Regno Unito <\/span><a href=\"https:\/\/www.politico.eu\/article\/iran-war-crisis-uk-leader-keir-starmer-fresh-political-bind\/\"><span style=\"font-weight: 400;\">di partecipare alla guerra in Iran.<\/span><\/a><\/p><p><a href=\"https:\/\/www.politico.eu\/article\/iran-war-crisis-uk-leader-keir-starmer-fresh-political-bind\/\"><span style=\"font-weight: 400;\">Trump era furioso per la decisione del primo ministro britannico Keir Starmer di restare fuori dal conflitto e la scorsa settimana ha dichiarato che avrebbe potuto punire Londra strappando un accordo commerciale chiave. Modificare la posizione di Washington sulle Falkland segnerebbe per\u00f2 una grave escalation nel minare la \u201crelazione speciale\u201d.<\/span><\/a><\/p><p><a href=\"https:\/\/www.politico.eu\/article\/iran-war-crisis-uk-leader-keir-starmer-fresh-political-bind\/\"><span style=\"font-weight: 400;\">Il Regno Unito e l\u2019Argentina sono da secoli coinvolti in una disputa di sovranit\u00e0 sulle isole dell\u2019Atlantico meridionale, che costituiscono un territorio britannico d\u2019oltremare. Nel 1982 Buenos Aires lanci\u00f2 un\u2019invasione delle Falkland, scatenando una guerra durata 74 giorni che fu vinta facilmente dalla Gran Bretagna, anche grazie al sostegno materiale e logistico fornito dagli Stati Uniti.<\/span><\/a><\/p><p><a href=\"https:\/\/www.politico.eu\/article\/iran-war-crisis-uk-leader-keir-starmer-fresh-political-bind\/\"><span style=\"font-weight: 400;\">Il presidente argentino Javier Milei, un alleato di Trump, ha espresso tolleranza per il dominio britannico sulle isole, ma, in occasione di una cerimonia commemorativa per i caduti della guerra tenutasi a Buenos Aires all&#8217;inizio di questo mese, ha<\/span> <span style=\"font-weight: 400;\">sottolineato la rivendicazione del suo paese sulle Falkland.<\/span><\/a><\/p><p><a href=\"https:\/\/www.politico.eu\/article\/iran-war-crisis-uk-leader-keir-starmer-fresh-political-bind\/\"><span style=\"font-weight: 400;\">Interrogato in merito alla notizia, un portavoce di Downing Street ha affermato che le Isole hanno \u00abvotato in modo schiacciante a favore del mantenimento dello status di territorio d&#8217;oltremare del Regno Unito\u00bb.<\/span><\/a><\/p><p><a href=\"https:\/\/www.politico.eu\/article\/iran-war-crisis-uk-leader-keir-starmer-fresh-political-bind\/\"><span style=\"font-weight: 400;\">\u00abAbbiamo gi\u00e0 espresso questa posizione in modo chiaro e coerente alle successive amministrazioni statunitensi e nulla potr\u00e0 cambiarla\u00bb, ha poi precisato il portavoce.<\/span><\/a><\/p><p><a href=\"https:\/\/www.politico.eu\/article\/iran-war-crisis-uk-leader-keir-starmer-fresh-political-bind\/\"><span style=\"font-weight: 400;\">\u00ab\u00c8 una questione che riguarda il Regno Unito e gli abitanti delle Isole Falkland\u00bb, ha dichiarato al quotidiano Politico Steve Reed (Segretario di Stato per l\u2019edilizia abitativa, le comunit\u00e0 e il governo locale del Regno Unito), mentre si trovava su un treno di ritorno a Londra dopo una visita elettorale. \u00abL\u2019attuale amministrazione statunitense lancia continuamente ogni sorta di ipotesi. Ci\u00f2 non cambia il fatto che la sovranit\u00e0 sia una questione che riguarda il Regno Unito. E questo \u00e8 tutto\u00bb, ha sentenziato Reed.<\/span><\/a><\/p><p><a href=\"https:\/\/www.politico.eu\/article\/iran-war-crisis-uk-leader-keir-starmer-fresh-political-bind\/\"><span style=\"font-weight: 400;\">Trump ha ripetutamente minacciato di ritirare gli Stati Uniti dalla NATO. Ha inizialmente avanzato l&#8217;idea durante il suo primo mandato alla Casa Bianca e ha riproposto tale scenario sin dalla sua rielezione. Dopo che gli alleati hanno rifiutato di partecipare all&#8217;attacco contro l&#8217;Iran, il presidente ha promesso di rivalutare l\u2019adesione alla NATO degli Stati Uniti.<\/span><\/a><\/p><p><a href=\"https:\/\/www.politico.eu\/article\/iran-war-crisis-uk-leader-keir-starmer-fresh-political-bind\/\"><span style=\"font-weight: 400;\">Non \u00e8 chiaro se l\u2019e-mail del Pentagono sia collegata alla lista dei cosiddetti paesi \u201cbuoni e cattivi\u201d della NATO preparata dalla Casa Bianca in vista della visita a Washington del segretario generale della NATO Mark Rutte all\u2019inizio di aprile. Alcuni diplomatici europei e un funzionario della Difesa statunitense a conoscenza del documento hanno riferito al quotidiano Politico che esso includeva una panoramica dei contributi dei membri all\u2019alleanza e li classificava in diverse categorie.<\/span><\/a><\/p><p><span style=\"font-weight: 400;\">Il segretario alla Difesa statunitense Pete Hegseth ha affermato, in un discorso tenuto lo scorso dicembre, che gli alleati degli Stati Uniti che si comportano \u00abda modello\u00bb dovrebbero ricevere un trattamento di favore, mentre quelli che \u00abnon fanno la loro parte per la difesa collettiva\u00bb dovrebbero \u00abaffrontarne le conseguenze\u00bb.<\/span><\/p><p>\u00a0<\/p><p><span style=\"font-weight: 400;\">Lorenzo Romagnoli &#8211; PhD Candidate<\/span><\/p>\t\t\t\t\t\t<\/div>\n\t\t\t\t<\/div>\n\t\t\t\t<\/div>\n\t\t<div class=\"elementor-element elementor-element-61f8dfa1 e-con-full e-flex e-con e-child\" data-id=\"61f8dfa1\" data-element_type=\"container\" data-settings=\"{&quot;content_width&quot;:&quot;full&quot;}\">\n\t\t\t\t<\/div>\n\t\t\t\t<\/div>\n\t\t<div class=\"elementor-element elementor-element-7066c74e e-flex e-con-boxed e-con e-parent\" data-id=\"7066c74e\" data-element_type=\"container\" data-settings=\"{&quot;content_width&quot;:&quot;boxed&quot;}\" data-core-v316-plus=\"true\">\n\t\t\t\t\t<div class=\"e-con-inner\">\n\t\t\t\t<div class=\"elementor-element elementor-element-5138bc56 elementor-widget elementor-widget-spacer\" data-id=\"5138bc56\" data-element_type=\"widget\" data-widget_type=\"spacer.default\">\n\t\t\t\t<div class=\"elementor-widget-container\">\n\t\t\t\t\t<div class=\"elementor-spacer\">\n\t\t\t<div class=\"elementor-spacer-inner\"><\/div>\n\t\t<\/div>\n\t\t\t\t<\/div>\n\t\t\t\t<\/div>\n\t\t\t\t\t<\/div>\n\t\t\t\t<\/div>\n\t\t<div class=\"elementor-element elementor-element-58194f50 e-con-full e-flex e-con e-parent\" data-id=\"58194f50\" data-element_type=\"container\" data-settings=\"{&quot;content_width&quot;:&quot;full&quot;,&quot;background_background&quot;:&quot;classic&quot;}\" data-core-v316-plus=\"true\">\n\t\t<div class=\"elementor-element elementor-element-3bc13f5a e-con-full e-flex e-con e-child\" data-id=\"3bc13f5a\" data-element_type=\"container\" data-settings=\"{&quot;content_width&quot;:&quot;full&quot;}\">\n\t\t\t\t<div class=\"elementor-element elementor-element-50516231 elementor-widget elementor-widget-image\" data-id=\"50516231\" data-element_type=\"widget\" data-widget_type=\"image.default\">\n\t\t\t\t<div class=\"elementor-widget-container\">\n\t\t\t\t\t\t\t\t\t\t\t\t\t\t\t<img decoding=\"async\" width=\"800\" height=\"228\" src=\"https:\/\/geodi.unint.eu\/wp-content\/uploads\/2023\/11\/cropped-Logo-GEODI_blue-1024x292.png\" class=\"attachment-large size-large wp-image-239\" alt=\"\" srcset=\"https:\/\/geodi.unint.eu\/wp-content\/uploads\/2023\/11\/cropped-Logo-GEODI_blue-1024x292.png 1024w, https:\/\/geodi.unint.eu\/wp-content\/uploads\/2023\/11\/cropped-Logo-GEODI_blue-300x86.png 300w, https:\/\/geodi.unint.eu\/wp-content\/uploads\/2023\/11\/cropped-Logo-GEODI_blue-768x219.png 768w, https:\/\/geodi.unint.eu\/wp-content\/uploads\/2023\/11\/cropped-Logo-GEODI_blue-1536x438.png 1536w, https:\/\/geodi.unint.eu\/wp-content\/uploads\/2023\/11\/cropped-Logo-GEODI_blue.png 1752w\" sizes=\"(max-width: 800px) 100vw, 800px\" \/>\t\t\t\t\t\t\t\t\t\t\t\t\t\t\t<\/div>\n\t\t\t\t<\/div>\n\t\t\t\t<\/div>\n\t\t<div class=\"elementor-element elementor-element-e929764 e-con-full e-flex e-con e-child\" data-id=\"e929764\" data-element_type=\"container\" data-settings=\"{&quot;content_width&quot;:&quot;full&quot;}\">\n\t\t\t\t<div class=\"elementor-element elementor-element-77151f54 elementor-widget elementor-widget-image\" data-id=\"77151f54\" data-element_type=\"widget\" data-widget_type=\"image.default\">\n\t\t\t\t<div class=\"elementor-widget-container\">\n\t\t\t\t\t\t\t\t\t\t\t\t\t\t\t<img decoding=\"async\" width=\"800\" height=\"402\" src=\"https:\/\/geodi.unint.eu\/wp-content\/uploads\/2023\/11\/Logo-UNINT-1024x515.png\" class=\"attachment-large size-large wp-image-237\" alt=\"\" srcset=\"https:\/\/geodi.unint.eu\/wp-content\/uploads\/2023\/11\/Logo-UNINT-1024x515.png 1024w, https:\/\/geodi.unint.eu\/wp-content\/uploads\/2023\/11\/Logo-UNINT-300x151.png 300w, https:\/\/geodi.unint.eu\/wp-content\/uploads\/2023\/11\/Logo-UNINT-768x386.png 768w, https:\/\/geodi.unint.eu\/wp-content\/uploads\/2023\/11\/Logo-UNINT-1536x772.png 1536w, https:\/\/geodi.unint.eu\/wp-content\/uploads\/2023\/11\/Logo-UNINT-2048x1029.png 2048w\" sizes=\"(max-width: 800px) 100vw, 800px\" \/>\t\t\t\t\t\t\t\t\t\t\t\t\t\t\t<\/div>\n\t\t\t\t<\/div>\n\t\t\t\t<\/div>\n\t\t<div class=\"elementor-element elementor-element-1d25b9b1 e-con-full e-flex e-con e-child\" data-id=\"1d25b9b1\" data-element_type=\"container\" data-settings=\"{&quot;content_width&quot;:&quot;full&quot;}\">\n\t\t\t\t<div class=\"elementor-element elementor-element-2757dc13 elementor-widget elementor-widget-image\" data-id=\"2757dc13\" data-element_type=\"widget\" data-widget_type=\"image.default\">\n\t\t\t\t<div class=\"elementor-widget-container\">\n\t\t\t\t\t\t\t\t\t\t\t\t\t\t\t<img loading=\"lazy\" decoding=\"async\" width=\"800\" height=\"92\" src=\"https:\/\/geodi.unint.eu\/wp-content\/uploads\/2023\/11\/LINTERNAZIONALE_Logo_ok-1024x118.png\" class=\"attachment-large size-large wp-image-238\" alt=\"\" srcset=\"https:\/\/geodi.unint.eu\/wp-content\/uploads\/2023\/11\/LINTERNAZIONALE_Logo_ok-1024x118.png 1024w, https:\/\/geodi.unint.eu\/wp-content\/uploads\/2023\/11\/LINTERNAZIONALE_Logo_ok-300x35.png 300w, https:\/\/geodi.unint.eu\/wp-content\/uploads\/2023\/11\/LINTERNAZIONALE_Logo_ok-768x88.png 768w, https:\/\/geodi.unint.eu\/wp-content\/uploads\/2023\/11\/LINTERNAZIONALE_Logo_ok-1536x177.png 1536w, https:\/\/geodi.unint.eu\/wp-content\/uploads\/2023\/11\/LINTERNAZIONALE_Logo_ok-2048x236.png 2048w\" sizes=\"(max-width: 800px) 100vw, 800px\" \/>\t\t\t\t\t\t\t\t\t\t\t\t\t\t\t<\/div>\n\t\t\t\t<\/div>\n\t\t\t\t<\/div>\n\t\t<div class=\"elementor-element elementor-element-71a06896 e-con-full e-flex e-con e-child\" data-id=\"71a06896\" data-element_type=\"container\" data-settings=\"{&quot;content_width&quot;:&quot;full&quot;}\">\n\t\t\t\t<div class=\"elementor-element elementor-element-6d6609a9 elementor-widget elementor-widget-heading\" data-id=\"6d6609a9\" data-element_type=\"widget\" data-widget_type=\"heading.default\">\n\t\t\t\t<div class=\"elementor-widget-container\">\n\t\t\t<h2 class=\"elementor-heading-title elementor-size-default\">Coordinamento a cura di Ciro Sbail\u00f2<br><br>Universit\u00e0 degli Studi Internazionali di Roma - UNINT\n<\/h2>\t\t<\/div>\n\t\t\t\t<\/div>\n\t\t\t\t<div class=\"elementor-element elementor-element-10311f65 elementor-widget elementor-widget-heading\" data-id=\"10311f65\" data-element_type=\"widget\" data-widget_type=\"heading.default\">\n\t\t\t\t<div class=\"elementor-widget-container\">\n\t\t\t<h2 class=\"elementor-heading-title elementor-size-default\">Via Cristoforo Colombo, 200 - 00147 Roma | C.F. 97136680580 | P.I. 05639791002 | Codice SDI: M5UXCR1 | Mail: geodi@unint.eu\n<\/h2>\t\t<\/div>\n\t\t\t\t<\/div>\n\t\t\t\t<\/div>\n\t\t\t\t<\/div>\n\t\t\t\t\t\t\t<\/div>\n\t\t","protected":false},"excerpt":{"rendered":"<p>Estratto dell\u2019articolo di Aitor Hernandez-Morales, Gordon Repinski, Sonja Rijnen e Victor Jack, S\u00e1nchez dismisses US notion of suspending Spain from NATO, per il Politico, venerd\u00ec 24 aprile 2026.<\/p>\n","protected":false},"author":3,"featured_media":6536,"comment_status":"closed","ping_status":"","sticky":false,"template":"","format":"standard","meta":{"footnotes":""},"categories":[148,17],"tags":[],"class_list":["post-6535","post","type-post","status-publish","format-standard","has-post-thumbnail","hentry","category-diritto","category-geopolitica-h24"],"_links":{"self":[{"href":"https:\/\/geodi.unint.eu\/index.php?rest_route=\/wp\/v2\/posts\/6535","targetHints":{"allow":["GET"]}}],"collection":[{"href":"https:\/\/geodi.unint.eu\/index.php?rest_route=\/wp\/v2\/posts"}],"about":[{"href":"https:\/\/geodi.unint.eu\/index.php?rest_route=\/wp\/v2\/types\/post"}],"author":[{"embeddable":true,"href":"https:\/\/geodi.unint.eu\/index.php?rest_route=\/wp\/v2\/users\/3"}],"replies":[{"embeddable":true,"href":"https:\/\/geodi.unint.eu\/index.php?rest_route=%2Fwp%2Fv2%2Fcomments&post=6535"}],"version-history":[{"count":4,"href":"https:\/\/geodi.unint.eu\/index.php?rest_route=\/wp\/v2\/posts\/6535\/revisions"}],"predecessor-version":[{"id":6540,"href":"https:\/\/geodi.unint.eu\/index.php?rest_route=\/wp\/v2\/posts\/6535\/revisions\/6540"}],"wp:featuredmedia":[{"embeddable":true,"href":"https:\/\/geodi.unint.eu\/index.php?rest_route=\/wp\/v2\/media\/6536"}],"wp:attachment":[{"href":"https:\/\/geodi.unint.eu\/index.php?rest_route=%2Fwp%2Fv2%2Fmedia&parent=6535"}],"wp:term":[{"taxonomy":"category","embeddable":true,"href":"https:\/\/geodi.unint.eu\/index.php?rest_route=%2Fwp%2Fv2%2Fcategories&post=6535"},{"taxonomy":"post_tag","embeddable":true,"href":"https:\/\/geodi.unint.eu\/index.php?rest_route=%2Fwp%2Fv2%2Ftags&post=6535"}],"curies":[{"name":"wp","href":"https:\/\/api.w.org\/{rel}","templated":true}]}}